{"id":37240,"date":"2019-05-18T12:44:53","date_gmt":"2019-05-18T15:44:53","guid":{"rendered":"https:\/\/www.anamt.org.br\/portal\/?p=37240"},"modified":"2019-05-18T12:44:53","modified_gmt":"2019-05-18T15:44:53","slug":"assembleia-geral-da-anamt-cancela-editais-eleitorais-publicados","status":"publish","type":"post","link":"https:\/\/www.anamt.org.br\/portal\/2019\/05\/18\/assembleia-geral-da-anamt-cancela-editais-eleitorais-publicados\/","title":{"rendered":"Assembleia-Geral da ANAMT cancela editais eleitorais publicados"},"content":{"rendered":"<p>A ANAMT realizou, na noite desta sexta-feira (17), sua Assembleia-Geral Ordin\u00e1ria ap\u00f3s o fim da programa\u00e7\u00e3o cient\u00edfica do dia do 17\u00ba Congresso Nacional, em Bras\u00edlia (DF). A reuni\u00e3o discutiu temas relevantes para a institui\u00e7\u00e3o. Devido a uma decis\u00e3o liminar, foi inserido na pauta do dia o debate sobre as elei\u00e7\u00f5es da institui\u00e7\u00e3o. A plen\u00e1ria deliberou pelo cancelamento dos dois editais de convoca\u00e7\u00e3o publicados neste ano.<\/p>\n<p>Desta forma, a presidente da ANAMT, Marcia Bandini, convocar\u00e1 o Conselho Deliberativo para constituir uma nova Comiss\u00e3o Eleitoral, que ser\u00e1 respons\u00e1vel por elaborar e publicar um novo edital de convoca\u00e7\u00f5es para as elei\u00e7\u00f5es. Isso tornar\u00e1 poss\u00edvel novas inscri\u00e7\u00f5es de postulantes aos cargos.<\/p>\n<p>A ANAMT refor\u00e7a a import\u00e2ncia de que todos os associados acompanhem e participem das elei\u00e7\u00f5es \u00e0 Diretoria Executiva e Conselho Fiscal. O direito de voto est\u00e1 assegurado, sobretudo em fun\u00e7\u00e3o da implementa\u00e7\u00e3o de um modelo de vota\u00e7\u00e3o \u00e0 dist\u00e2ncia, o que garante a todos os associados do pa\u00eds uma forma de participar do pleito. A diretoria atual segue com suas atividades at\u00e9 a posse da futura diretoria eleita, que ser\u00e1 institu\u00edda 60 dias ap\u00f3s a conclus\u00e3o das elei\u00e7\u00f5es.<\/p>\n<p>\u201cDesde o in\u00edcio, estamos trabalhando para dar o direito de escolha aos associados. Estamos satisfeitos com o resultado da Assembleia, que permite a retomada do processo do zero, com possibilidade de que mais chapas inscrevam-se. A ANAMT est\u00e1 amadurecendo e crescendo\u201d, afirmou a presidente da institui\u00e7\u00e3o, Marcia Bandini.<\/p>\n<p>Na mesma assembleia, tamb\u00e9m foi aprovada a unifica\u00e7\u00e3o da secretaria da ANAMT com a sede patrimonial da institui\u00e7\u00e3o. Refor\u00e7ando os princ\u00edpios de transpar\u00eancia que regem a Associa\u00e7\u00e3o, a apresenta\u00e7\u00e3o dos resultados financeiros foi aprovada de forma un\u00e2nime pelos presentes.<\/p>\n","protected":false},"excerpt":{"rendered":"<p>A ANAMT realizou, na noite desta sexta-feira (17), sua Assembleia-Geral Ordin\u00e1ria ap\u00f3s o fim da programa\u00e7\u00e3o cient\u00edfica do dia do 17\u00ba Congresso Nacional, em Bras\u00edlia (DF). A reuni\u00e3o discutiu temas relevantes para a institui\u00e7\u00e3o. Devido a uma decis\u00e3o liminar, foi inserido na pauta do dia o debate sobre as elei\u00e7\u00f5es da institui\u00e7\u00e3o. A plen\u00e1ria deliberou [&hellip;]<\/p>\n","protected":false},"author":1,"featured_media":36340,"comment_status":"closed","ping_status":"closed","sticky":false,"template":"","format":"standard","meta":{"footnotes":""},"categories":[220],"tags":[],"_links":{"self":[{"href":"https:\/\/www.anamt.org.br\/portal\/wp-json\/wp\/v2\/posts\/37240"}],"collection":[{"href":"https:\/\/www.anamt.org.br\/portal\/wp-json\/wp\/v2\/posts"}],"about":[{"href":"https:\/\/www.anamt.org.br\/portal\/wp-json\/wp\/v2\/types\/post"}],"author":[{"embeddable":true,"href":"https:\/\/www.anamt.org.br\/portal\/wp-json\/wp\/v2\/users\/1"}],"replies":[{"embeddable":true,"href":"https:\/\/www.anamt.org.br\/portal\/wp-json\/wp\/v2\/comments?post=37240"}],"version-history":[{"count":0,"href":"https:\/\/www.anamt.org.br\/portal\/wp-json\/wp\/v2\/posts\/37240\/revisions"}],"wp:featuredmedia":[{"embeddable":true,"href":"https:\/\/www.anamt.org.br\/portal\/wp-json\/wp\/v2\/media\/36340"}],"wp:attachment":[{"href":"https:\/\/www.anamt.org.br\/portal\/wp-json\/wp\/v2\/media?parent=37240"}],"wp:term":[{"taxonomy":"category","embeddable":true,"href":"https:\/\/www.anamt.org.br\/portal\/wp-json\/wp\/v2\/categories?post=37240"},{"taxonomy":"post_tag","embeddable":true,"href":"https:\/\/www.anamt.org.br\/portal\/wp-json\/wp\/v2\/tags?post=37240"}],"curies":[{"name":"wp","href":"https:\/\/api.w.org\/{rel}","templated":true}]}}