{"id":37236,"date":"2019-05-18T12:28:50","date_gmt":"2019-05-18T15:28:50","guid":{"rendered":"https:\/\/www.anamt.org.br\/portal\/?p=37236"},"modified":"2019-05-21T09:12:35","modified_gmt":"2019-05-21T12:12:35","slug":"17o-congresso-nacional-integracao-da-promocao-da-saude-no-trabalho","status":"publish","type":"post","link":"https:\/\/www.anamt.org.br\/portal\/2019\/05\/18\/17o-congresso-nacional-integracao-da-promocao-da-saude-no-trabalho\/","title":{"rendered":"17\u00ba Congresso Nacional: integra\u00e7\u00e3o da promo\u00e7\u00e3o da sa\u00fade no trabalho"},"content":{"rendered":"<p><img decoding=\"async\" class=\"aligncenter wp-image-37238 size-full\" src=\"https:\/\/www.anamt.org.br\/portal\/wp-content\/uploads\/2019\/05\/17_CONGRESSO_ALBERTO-OGATA_650X432.jpg\" alt=\"\" width=\"650\" height=\"432\" srcset=\"https:\/\/www.anamt.org.br\/portal\/wp-content\/uploads\/2019\/05\/17_CONGRESSO_ALBERTO-OGATA_650X432-200x133.jpg 200w, https:\/\/www.anamt.org.br\/portal\/wp-content\/uploads\/2019\/05\/17_CONGRESSO_ALBERTO-OGATA_650X432-300x199.jpg 300w, https:\/\/www.anamt.org.br\/portal\/wp-content\/uploads\/2019\/05\/17_CONGRESSO_ALBERTO-OGATA_650X432-400x266.jpg 400w, https:\/\/www.anamt.org.br\/portal\/wp-content\/uploads\/2019\/05\/17_CONGRESSO_ALBERTO-OGATA_650X432-600x399.jpg 600w, https:\/\/www.anamt.org.br\/portal\/wp-content\/uploads\/2019\/05\/17_CONGRESSO_ALBERTO-OGATA_650X432.jpg 650w\" sizes=\"(max-width: 650px) 100vw, 650px\" \/><\/p>\n<p>Os trabalhos do \u00faltimo dia do 17\u00ba Congresso Nacional da ANAMT tiveram in\u00edcio com a confer\u00eancia &#8220;Desafios e Tend\u00eancias na Integra\u00e7\u00e3o do Cuidado \u00e0 Sa\u00fade do Trabalho: Promo\u00e7\u00e3o, Prote\u00e7\u00e3o e Assist\u00eancia&#8221;, com apresenta\u00e7\u00e3o do Prof. Alberto Ogata, pesquisador da Funda\u00e7\u00e3o Get\u00falio Vargas (FGV).<\/p>\n<p>Al\u00e9m da assist\u00eancia m\u00e9dica, Dr. Ogata lembrou que a sa\u00fade \u00e9 gerada pelas intera\u00e7\u00f5es sociais, quest\u00f5es econ\u00f4micas, aspectos comportamentais e o ambiente de trabalho. Nesse contexto, ele tamb\u00e9m abordou as condi\u00e7\u00f5es das pessoas desempregadas e trabalhadores informais, comumente atendidos pela rede p\u00fablica, que tamb\u00e9m deve atentar para o atendimento adequado dessa popula\u00e7\u00e3o. O trabalho de preven\u00e7\u00e3o tamb\u00e9m \u00e9 uma das ferramentas para gerir a sa\u00fade de pessoas afastadas e por conta do envelhecimento da for\u00e7a de trabalho.<\/p>\n<p>Nesse contexto, Dr. Ogata listou as principais causas de morte no Brasil, relacionadas a doen\u00e7as coronarianas, diabetes e hipertens\u00e3o, e a necessidade de combater os fatores de risco desde cedo, j\u00e1 que mais de 60% dos trabalhadores entre 50 e 64 anos tem duas ou mais doen\u00e7as.<\/p>\n<p>Em rela\u00e7\u00e3o aos casos de transtorno mental, ele lembrou que \u00e9 preciso pensar em ferramentas para melhorar e cen\u00e1rio e n\u00e3o somente identificar os casos.<\/p>\n<p>Sobre as caracter\u00edsticas do sistema de sa\u00fade para o s\u00e9culo XXI, o palestrante mencionou caracter\u00edsticas como customiza\u00e7\u00e3o das necessidades de cada paciente, com base na aten\u00e7\u00e3o continuada, com o plano de cuidado constru\u00eddo com os pacientes e de car\u00e1ter multidisciplinar.<\/p>\n<p>Na semiplen\u00e1ria &#8220;O Desafio de Engajar a Participa\u00e7\u00e3o dos Trabalhadores nos Programas de Sa\u00fade para Mudan\u00e7a de H\u00e1bitos&#8221;, Dr. Fernando Akio Mariya pontuou a necessidade dessas ferramentas estarem alinhadas com a diretoria das empresas e focadas nas pessoas. O m\u00e9dico, nesse contexto, pode obter informa\u00e7\u00f5es sobre as necessidades dos trabalhadores nos exames peri\u00f3dicos, garantindo a confidencialidade do que \u00e9 dito nas consultas.<\/p>\n<p>Ele tamb\u00e9m destacou que, antes da implementa\u00e7\u00e3o dos programas, \u00e9 preciso identificar se os pacientes est\u00e3o prontos para participar, ou se \u00e9 necess\u00e1rio uma etapa de conscientiza\u00e7\u00e3o e divulga\u00e7\u00e3o anterior.<\/p>\n<p>Para auxiliar na obten\u00e7\u00e3o de bons resultados, ele destacou que \u00e1reas como o RH e a Cipa podem auxiliar no compartilhamento das informa\u00e7\u00f5es, assim como pessoas integrantes das iniciativas devem se tornar embaixadores dos programas. Nesse contexto, a divulga\u00e7\u00e3o dos programas pode ocorrer em cartazes na empresa, palestras de incentivo, intranet, emails, al\u00e9m de estar presente em todos os locais da companhia.<\/p>\n","protected":false},"excerpt":{"rendered":"<p>Os trabalhos do \u00faltimo dia do 17\u00ba Congresso Nacional da ANAMT tiveram in\u00edcio com a confer\u00eancia &#8220;Desafios e Tend\u00eancias na Integra\u00e7\u00e3o do Cuidado \u00e0 Sa\u00fade do Trabalho: Promo\u00e7\u00e3o, Prote\u00e7\u00e3o e Assist\u00eancia&#8221;, com apresenta\u00e7\u00e3o do Prof. Alberto Ogata, pesquisador da Funda\u00e7\u00e3o Get\u00falio Vargas (FGV). Al\u00e9m da assist\u00eancia m\u00e9dica, Dr. Ogata lembrou que a sa\u00fade \u00e9 gerada [&hellip;]<\/p>\n","protected":false},"author":1,"featured_media":37237,"comment_status":"closed","ping_status":"closed","sticky":false,"template":"","format":"standard","meta":{"footnotes":""},"categories":[78],"tags":[],"_links":{"self":[{"href":"https:\/\/www.anamt.org.br\/portal\/wp-json\/wp\/v2\/posts\/37236"}],"collection":[{"href":"https:\/\/www.anamt.org.br\/portal\/wp-json\/wp\/v2\/posts"}],"about":[{"href":"https:\/\/www.anamt.org.br\/portal\/wp-json\/wp\/v2\/types\/post"}],"author":[{"embeddable":true,"href":"https:\/\/www.anamt.org.br\/portal\/wp-json\/wp\/v2\/users\/1"}],"replies":[{"embeddable":true,"href":"https:\/\/www.anamt.org.br\/portal\/wp-json\/wp\/v2\/comments?post=37236"}],"version-history":[{"count":0,"href":"https:\/\/www.anamt.org.br\/portal\/wp-json\/wp\/v2\/posts\/37236\/revisions"}],"wp:featuredmedia":[{"embeddable":true,"href":"https:\/\/www.anamt.org.br\/portal\/wp-json\/wp\/v2\/media\/37237"}],"wp:attachment":[{"href":"https:\/\/www.anamt.org.br\/portal\/wp-json\/wp\/v2\/media?parent=37236"}],"wp:term":[{"taxonomy":"category","embeddable":true,"href":"https:\/\/www.anamt.org.br\/portal\/wp-json\/wp\/v2\/categories?post=37236"},{"taxonomy":"post_tag","embeddable":true,"href":"https:\/\/www.anamt.org.br\/portal\/wp-json\/wp\/v2\/tags?post=37236"}],"curies":[{"name":"wp","href":"https:\/\/api.w.org\/{rel}","templated":true}]}}