{"id":37230,"date":"2019-05-18T12:13:14","date_gmt":"2019-05-18T15:13:14","guid":{"rendered":"https:\/\/www.anamt.org.br\/portal\/?p=37230"},"modified":"2019-05-18T12:13:14","modified_gmt":"2019-05-18T15:13:14","slug":"17o-congresso-nacional-agenda-2030-e-a-promocao-de-saude-nas-empresas","status":"publish","type":"post","link":"https:\/\/www.anamt.org.br\/portal\/2019\/05\/18\/17o-congresso-nacional-agenda-2030-e-a-promocao-de-saude-nas-empresas\/","title":{"rendered":"17\u00ba Congresso Nacional: Agenda 2030 e a promo\u00e7\u00e3o de sa\u00fade nas empresas"},"content":{"rendered":"<p>Qual \u00e9 o mundo que deixaremos para os nossos descendentes? De que forma a humanidade e suas formas de produ\u00e7\u00e3o e consumo est\u00e3o impactando o clima e comprometendo as futuras gera\u00e7\u00f5es? Essas foram algumas quest\u00f5es levantadas por Marco Akerman, professor do departamento de Pol\u00edtica, Gest\u00e3o e Sa\u00fade da Universidade de S\u00e3o Paulo (USP) e presidente da CEPEDOC Cidades Sustent\u00e1veis (Centro de Estudos, Pesquisa e Documenta\u00e7\u00e3o em Cidades Sustent\u00e1veis) na manh\u00e3 deste s\u00e1bado, no 17\u00ba Congresso Nacional da ANAMT, que \u00e9 realizado em Bras\u00edlia (DF).<\/p>\n<p>Akerman ministrou a semiplen\u00e1ria \u201cPromo\u00e7\u00e3o da Sa\u00fade e Agenda 2030\u201d e apresentou um cen\u00e1rio preocupante para o planeta. Ap\u00f3s introduzir o conceito de sa\u00fade planet\u00e1ria \u2013 que combina a sa\u00fade da civiliza\u00e7\u00e3o humana e o estado dos elementos da natureza que o incluem \u2013, o especialista indicou a crescente linha anticient\u00edfica que tem se apresentado no mundo nos \u00faltimos anos.<\/p>\n<p>\u201cVivemos uma enorme crise representativa em todo o mundo, e \u00e9 uma crise que vem acompanhada da constru\u00e7\u00e3o de uma forte narrativa antiestatal, anticient\u00edfica e pr\u00f3-mercado, ignorando a necessidade de a\u00e7\u00f5es combinadas do governo e da sociedade civil para reverter estas tend\u00eancias clim\u00e1ticas\u201d, afirma Akerman. \u201cA injusta distribui\u00e7\u00e3o de renda e recursos tamb\u00e9m faz com que 10% da popula\u00e7\u00e3o mais rica do mundo produza mais de 50% dos efeitos clim\u00e1ticos que est\u00e3o prejudicando o planeta. E os maiores preju\u00edzos est\u00e3o recaindo justamente sobre as camadas e regi\u00f5es mais pobres\u201d.<\/p>\n<p>Para contornar esse processo, o professor da USP aponta que, para o futuro, as lideran\u00e7as respons\u00e1veis devem trabalhar para reverter esse ciclo e disseminar \u2013 entre outros pontos \u2013 o conceito de consumo e produ\u00e7\u00e3o respons\u00e1veis.<\/p>\n<p>\u201cColaborar faz bem para a sa\u00fade da terra, competir faz mal. Precisamos nos perguntar como podemos negociar com a natureza para conter esse processo. E essa mudan\u00e7a s\u00f3 ser\u00e1 poss\u00edvel se construirmos lideran\u00e7as e a\u00e7\u00f5es respons\u00e1veis e pautadas pela pesquisa cient\u00edfica\u201d, alertou Akerman. \u201cNesse sentido, o governo e os setores de sa\u00fade das empresas devem buscar converg\u00eancias. De nada adianta o M\u00e9dico do Trabalho recomendar que o funcion\u00e1rio seja mais ativo fisicamente e caminhe mais se ele mora longe do ambiente de trabalho. Precisamos de cidades mais amig\u00e1veis tamb\u00e9m\u201d.<\/p>\n","protected":false},"excerpt":{"rendered":"<p>Qual \u00e9 o mundo que deixaremos para os nossos descendentes? De que forma a humanidade e suas formas de produ\u00e7\u00e3o e consumo est\u00e3o impactando o clima e comprometendo as futuras gera\u00e7\u00f5es? Essas foram algumas quest\u00f5es levantadas por Marco Akerman, professor do departamento de Pol\u00edtica, Gest\u00e3o e Sa\u00fade da Universidade de S\u00e3o Paulo (USP) e presidente [&hellip;]<\/p>\n","protected":false},"author":1,"featured_media":32198,"comment_status":"closed","ping_status":"closed","sticky":false,"template":"","format":"standard","meta":{"footnotes":""},"categories":[78],"tags":[],"_links":{"self":[{"href":"https:\/\/www.anamt.org.br\/portal\/wp-json\/wp\/v2\/posts\/37230"}],"collection":[{"href":"https:\/\/www.anamt.org.br\/portal\/wp-json\/wp\/v2\/posts"}],"about":[{"href":"https:\/\/www.anamt.org.br\/portal\/wp-json\/wp\/v2\/types\/post"}],"author":[{"embeddable":true,"href":"https:\/\/www.anamt.org.br\/portal\/wp-json\/wp\/v2\/users\/1"}],"replies":[{"embeddable":true,"href":"https:\/\/www.anamt.org.br\/portal\/wp-json\/wp\/v2\/comments?post=37230"}],"version-history":[{"count":0,"href":"https:\/\/www.anamt.org.br\/portal\/wp-json\/wp\/v2\/posts\/37230\/revisions"}],"wp:featuredmedia":[{"embeddable":true,"href":"https:\/\/www.anamt.org.br\/portal\/wp-json\/wp\/v2\/media\/32198"}],"wp:attachment":[{"href":"https:\/\/www.anamt.org.br\/portal\/wp-json\/wp\/v2\/media?parent=37230"}],"wp:term":[{"taxonomy":"category","embeddable":true,"href":"https:\/\/www.anamt.org.br\/portal\/wp-json\/wp\/v2\/categories?post=37230"},{"taxonomy":"post_tag","embeddable":true,"href":"https:\/\/www.anamt.org.br\/portal\/wp-json\/wp\/v2\/tags?post=37230"}],"curies":[{"name":"wp","href":"https:\/\/api.w.org\/{rel}","templated":true}]}}