{"id":37217,"date":"2019-05-17T16:47:51","date_gmt":"2019-05-17T19:47:51","guid":{"rendered":"https:\/\/www.anamt.org.br\/portal\/?p=37217"},"modified":"2019-05-17T16:47:51","modified_gmt":"2019-05-17T19:47:51","slug":"17o-congresso-nacional-o-que-o-trabalhador-espera-da-especialidade","status":"publish","type":"post","link":"https:\/\/www.anamt.org.br\/portal\/2019\/05\/17\/17o-congresso-nacional-o-que-o-trabalhador-espera-da-especialidade\/","title":{"rendered":"17\u00ba Congresso Nacional: o que o trabalhador espera da especialidade?"},"content":{"rendered":"<p>Qual a contribui\u00e7\u00e3o dos trabalhadores para as pr\u00e1ticas de Sa\u00fade e Seguran\u00e7a do Trabalho e o que trabalhador espera do M\u00e9dico do Trabalho? Esse foi o tema de umas semiplen\u00e1rias, com apresenta\u00e7\u00e3o do coordenador da Comiss\u00e3o de Sa\u00fade dos Trabalhadores e das Trabalhadoras do Conselho Nacional de Sa\u00fade, Geordeci de Souza. Ele mencionou legisla\u00e7\u00f5es sobre o tema, como a Lei 8.080\/90, que constituiu o SUS, at\u00e9 resolu\u00e7\u00f5es recentes, como a Resolu\u00e7\u00e3o CNS 603\/2018, sobre os Cerests, institui\u00e7\u00f5es de controle de sa\u00fade do trabalho e a participa\u00e7\u00e3o de trabalhadores em organiza\u00e7\u00f5es que tratam do assunto, como Cipas.<\/p>\n<p>Entre os principais entraves apontados na apresenta\u00e7\u00e3o, est\u00e3o a aus\u00eancia do reconhecimento e identifica\u00e7\u00e3o do usu\u00e1rio como um trabalhador, e inclus\u00e3o de novas demandas em \u00e1reas espec\u00edficas, como o servi\u00e7o p\u00fablico. Sobre o que se espera dos m\u00e9dicos do trabalho, ele destacou a \u00e9tica profissional no exerc\u00edcio da especialidade, com prioridade ao cuidado da sa\u00fade em defesa dos trabalhadores, observar a integralidade do cuidado, observando processos e ambientes em que o trabalhador est\u00e1 inserido, e parceria no contexto de mudan\u00e7as da \u00e1rea.<\/p>\n","protected":false},"excerpt":{"rendered":"<p>Qual a contribui\u00e7\u00e3o dos trabalhadores para as pr\u00e1ticas de Sa\u00fade e Seguran\u00e7a do Trabalho e o que trabalhador espera do M\u00e9dico do Trabalho? Esse foi o tema de umas semiplen\u00e1rias, com apresenta\u00e7\u00e3o do coordenador da Comiss\u00e3o de Sa\u00fade dos Trabalhadores e das Trabalhadoras do Conselho Nacional de Sa\u00fade, Geordeci de Souza. Ele mencionou legisla\u00e7\u00f5es sobre [&hellip;]<\/p>\n","protected":false},"author":1,"featured_media":30976,"comment_status":"closed","ping_status":"closed","sticky":false,"template":"","format":"standard","meta":{"footnotes":""},"categories":[78],"tags":[],"_links":{"self":[{"href":"https:\/\/www.anamt.org.br\/portal\/wp-json\/wp\/v2\/posts\/37217"}],"collection":[{"href":"https:\/\/www.anamt.org.br\/portal\/wp-json\/wp\/v2\/posts"}],"about":[{"href":"https:\/\/www.anamt.org.br\/portal\/wp-json\/wp\/v2\/types\/post"}],"author":[{"embeddable":true,"href":"https:\/\/www.anamt.org.br\/portal\/wp-json\/wp\/v2\/users\/1"}],"replies":[{"embeddable":true,"href":"https:\/\/www.anamt.org.br\/portal\/wp-json\/wp\/v2\/comments?post=37217"}],"version-history":[{"count":0,"href":"https:\/\/www.anamt.org.br\/portal\/wp-json\/wp\/v2\/posts\/37217\/revisions"}],"wp:featuredmedia":[{"embeddable":true,"href":"https:\/\/www.anamt.org.br\/portal\/wp-json\/wp\/v2\/media\/30976"}],"wp:attachment":[{"href":"https:\/\/www.anamt.org.br\/portal\/wp-json\/wp\/v2\/media?parent=37217"}],"wp:term":[{"taxonomy":"category","embeddable":true,"href":"https:\/\/www.anamt.org.br\/portal\/wp-json\/wp\/v2\/categories?post=37217"},{"taxonomy":"post_tag","embeddable":true,"href":"https:\/\/www.anamt.org.br\/portal\/wp-json\/wp\/v2\/tags?post=37217"}],"curies":[{"name":"wp","href":"https:\/\/api.w.org\/{rel}","templated":true}]}}