{"id":37215,"date":"2019-05-17T16:43:54","date_gmt":"2019-05-17T19:43:54","guid":{"rendered":"https:\/\/www.anamt.org.br\/portal\/?p=37215"},"modified":"2019-05-17T16:43:54","modified_gmt":"2019-05-17T19:43:54","slug":"17o-congresso-nacional-como-esta-a-saude-do-medico-do-trabalho","status":"publish","type":"post","link":"https:\/\/www.anamt.org.br\/portal\/2019\/05\/17\/17o-congresso-nacional-como-esta-a-saude-do-medico-do-trabalho\/","title":{"rendered":"17\u00ba Congresso Nacional: como est\u00e1 a sa\u00fade do M\u00e9dico do Trabalho?"},"content":{"rendered":"<p>O M\u00e9dico do Trabalho \u2013 e os profissionais de sa\u00fade em geral \u2013 tem o \u00e1rduo trabalho de cuidar dos outros. No entanto, esse of\u00edcio faz com que muitos esque\u00e7am de cuidar de si pr\u00f3prio. Em virtude disso, \u201cComo est\u00e1 a sa\u00fade do M\u00e9dico do Trabalho?\u201d foi tema de uma semiplen\u00e1ria do 17\u00ba Congresso Nacional da ANAMT, que \u00e9 realizado em Bras\u00edlia (DF), nesta sexta-feira (17). Uma das raz\u00f5es para o alerta \u00e9 o elevado \u00edndice de suic\u00eddio e depress\u00e3o entre m\u00e9dicos \u2013 70% acima da popula\u00e7\u00e3o geral.<\/p>\n<p>A atividade foi apresentada por Woodrow Delano Wilson, psiquiatra especialista em Psiquiatria Forense e Medicina do Trabalho. O especialista frisou que a cultura ocidental refor\u00e7a muito o cuidado do pr\u00f3ximo e v\u00ea o cuidado pr\u00f3prio como ego\u00edsmo, mas que \u00e9 necess\u00e1rio o cuidado consigo para poder cuidar dos outros.<\/p>\n<p>\u201cQual \u00e9 o nosso limite de toler\u00e2ncia como M\u00e9dico do Trabalho? N\u00f3s sabemos o qu\u00e3o tolerante \u00e9 o ser humano a subst\u00e2ncias como o chumbo, por exemplo, mas muitas vezes n\u00e3o nos perguntamos qual \u00e9 o nosso limite de toler\u00e2ncia\u201d, indicou Woodrow.<\/p>\n<p>Uma boa forma de buscar estes questionamentos, em muitos momentos, nascem do pr\u00f3prio trabalho do m\u00e9dico, a partir dos seus pacientes. \u201cO M\u00e9dico do Trabalho recebe pessoas que falam sobre suas insatisfa\u00e7\u00f5es com a empresa, muitas vezes compartilhando quest\u00f5es de sa\u00fade mental e desconfortos, que nos fazem perceber nossas pr\u00f3prias insatisfa\u00e7\u00f5es e sinais de estresse ou ansiedade\u201d, aponta.<\/p>\n<p>As expectativas da sociedade moderna a respeito do sucesso tamb\u00e9m foram abordadas pelo psiquiatra. Ele ressaltou que expectativas financeiras irreais ou a associa\u00e7\u00e3o de bens materiais com o sucesso pessoal gera constante frustra\u00e7\u00e3o para as pessoas impactadas. E essa frustra\u00e7\u00e3o gera transtornos que, muitas vezes, os pr\u00f3prios m\u00e9dicos n\u00e3o percebem.<\/p>\n<p>\u201cQuantos de n\u00f3s ainda n\u00e3o acreditam que m\u00e9dicos n\u00e3o ficam doentes e sequer fazem exames peri\u00f3dicos? Precisamos cuidar de n\u00f3s mesmos, pensar naquilo que nos d\u00e1 prazer e o que nos desafia. Estamos sempre muito atentos no risco biol\u00f3gico, mas esquecemos do risco psicossocial aos quais somos expostos\u201d, disse Woodrow, convidando os presentes \u00e0 reflex\u00e3o.<\/p>\n<p>Na palestra, tamb\u00e9m foi ressaltada a import\u00e2ncia da resili\u00eancia, um elemento fundamental para o profissional de sa\u00fade. \u201cA resili\u00eancia \u00e9 enfrentar momentos ruins sem carreg\u00e1-los consigo posteriormente. A pessoa resiliente se molha na chuva porque precisa, mas sua frustra\u00e7\u00e3o fica restrita \u00e0quele momento. A pessoa que se submete a esses momentos ruins se molha na chuva, mas xinga, se enraivece, carrega esse problema consigo para al\u00e9m\u201d.<\/p>\n","protected":false},"excerpt":{"rendered":"<p>O M\u00e9dico do Trabalho \u2013 e os profissionais de sa\u00fade em geral \u2013 tem o \u00e1rduo trabalho de cuidar dos outros. No entanto, esse of\u00edcio faz com que muitos esque\u00e7am de cuidar de si pr\u00f3prio. Em virtude disso, \u201cComo est\u00e1 a sa\u00fade do M\u00e9dico do Trabalho?\u201d foi tema de uma semiplen\u00e1ria do 17\u00ba Congresso Nacional [&hellip;]<\/p>\n","protected":false},"author":1,"featured_media":36256,"comment_status":"closed","ping_status":"closed","sticky":false,"template":"","format":"standard","meta":{"footnotes":""},"categories":[78],"tags":[],"_links":{"self":[{"href":"https:\/\/www.anamt.org.br\/portal\/wp-json\/wp\/v2\/posts\/37215"}],"collection":[{"href":"https:\/\/www.anamt.org.br\/portal\/wp-json\/wp\/v2\/posts"}],"about":[{"href":"https:\/\/www.anamt.org.br\/portal\/wp-json\/wp\/v2\/types\/post"}],"author":[{"embeddable":true,"href":"https:\/\/www.anamt.org.br\/portal\/wp-json\/wp\/v2\/users\/1"}],"replies":[{"embeddable":true,"href":"https:\/\/www.anamt.org.br\/portal\/wp-json\/wp\/v2\/comments?post=37215"}],"version-history":[{"count":0,"href":"https:\/\/www.anamt.org.br\/portal\/wp-json\/wp\/v2\/posts\/37215\/revisions"}],"wp:featuredmedia":[{"embeddable":true,"href":"https:\/\/www.anamt.org.br\/portal\/wp-json\/wp\/v2\/media\/36256"}],"wp:attachment":[{"href":"https:\/\/www.anamt.org.br\/portal\/wp-json\/wp\/v2\/media?parent=37215"}],"wp:term":[{"taxonomy":"category","embeddable":true,"href":"https:\/\/www.anamt.org.br\/portal\/wp-json\/wp\/v2\/categories?post=37215"},{"taxonomy":"post_tag","embeddable":true,"href":"https:\/\/www.anamt.org.br\/portal\/wp-json\/wp\/v2\/tags?post=37215"}],"curies":[{"name":"wp","href":"https:\/\/api.w.org\/{rel}","templated":true}]}}