{"id":37212,"date":"2019-05-17T16:35:58","date_gmt":"2019-05-17T19:35:58","guid":{"rendered":"https:\/\/www.anamt.org.br\/portal\/?p=37212"},"modified":"2019-05-17T17:13:56","modified_gmt":"2019-05-17T20:13:56","slug":"17o-congresso-nacional-retorno-apos-problema-de-saude-mental-pauta-plenaria","status":"publish","type":"post","link":"https:\/\/www.anamt.org.br\/portal\/2019\/05\/17\/17o-congresso-nacional-retorno-apos-problema-de-saude-mental-pauta-plenaria\/","title":{"rendered":"17\u00ba Congresso Nacional: retorno ap\u00f3s problema de sa\u00fade mental pauta plen\u00e1ria"},"content":{"rendered":"<p><img decoding=\"async\" class=\"aligncenter size-full wp-image-37221\" src=\"https:\/\/www.anamt.org.br\/portal\/wp-content\/uploads\/2019\/05\/17_CONGRESSO_ANAMT_KAREN.jpg\" alt=\"\" width=\"650\" height=\"432\" srcset=\"https:\/\/www.anamt.org.br\/portal\/wp-content\/uploads\/2019\/05\/17_CONGRESSO_ANAMT_KAREN-200x133.jpg 200w, https:\/\/www.anamt.org.br\/portal\/wp-content\/uploads\/2019\/05\/17_CONGRESSO_ANAMT_KAREN-300x199.jpg 300w, https:\/\/www.anamt.org.br\/portal\/wp-content\/uploads\/2019\/05\/17_CONGRESSO_ANAMT_KAREN-400x266.jpg 400w, https:\/\/www.anamt.org.br\/portal\/wp-content\/uploads\/2019\/05\/17_CONGRESSO_ANAMT_KAREN-600x399.jpg 600w, https:\/\/www.anamt.org.br\/portal\/wp-content\/uploads\/2019\/05\/17_CONGRESSO_ANAMT_KAREN.jpg 650w\" sizes=\"(max-width: 650px) 100vw, 650px\" \/><\/p>\n<p>O 17\u00ba Congresso Nacional da ANAMT abordou, em sua segunda plen\u00e1ria de sexta-feira (17), as \u201cOportunidades e limites da reinser\u00e7\u00e3o profissional na perspectiva da sa\u00fade mental\u201d, em atividade conduzida por Karen Nieuwenhuijsen, professora-assistente no Coronel Institute of Occupational Health e pesquisadora s\u00eanior no Centro de Pesquisa Holand\u00eas de Medicina Ocupacional da Universidade de Amsterd\u00e3.<\/p>\n<p>A pesquisadora holandesa apresentou um passo-a-passo de como funciona o aconselhamento de retorno ao trabalho ap\u00f3s o afastamento por quest\u00f5es relacionadas \u00e0 sa\u00fade mental. O manual desenvolvido pelo governo holand\u00eas para o retorno ao trabalho nestes casos apresentou resultados expressivos, reduzindo em at\u00e9 30% o tempo de afastamento em trabalhadores com sinais de depress\u00e3o e ansiedade, por exemplo.<\/p>\n<p>O Brasil, segundo os dados apresentados na plen\u00e1ria, precisa dar aten\u00e7\u00e3o especial ao tema. O preju\u00edzo causado por afastamentos por sa\u00fade mental alcan\u00e7a 0,5% do Produto Interno Bruto. O valor \u00e9 elevado quando comparado a pa\u00edses como os Estados Unidos (0,05%) ou Coreia do Sul (0,01%).<\/p>\n<p>Para apresentar os elementos do manual, Karen apresentou aos participantes do Congresso um caso hipot\u00e9tico de um trabalhador em posi\u00e7\u00e3o de lideran\u00e7a que \u00e9 afastado do trabalho com sinais de ansiedade. Eles puderam votar, por meio do aplicativo do evento, no passo-a-passo do processo de recupera\u00e7\u00e3o, cujos resultados depois foram comparados aos estudos conduzidos na Holanda.<\/p>\n<p>\u201cNosso processo de pesquisa nos indicou o que funciona: ativa\u00e7\u00f5es junto ao funcion\u00e1rio, foco na resolu\u00e7\u00e3o do problema em quest\u00e3o, retorno gradual e um cuidador profissional que deve estar familiarizado com o ambiente de trabalho, como o M\u00e9dico do Trabalho da empresa\u201d, ressaltou. \u201cO uso de profissionais externos ao ambiente de trabalho \u2013 como um consultor ou psic\u00f3logo terceirizado \u2013 n\u00e3o apresentaram bons resultados\u201d.<\/p>\n<p>Ela tamb\u00e9m ressaltou que, apesar dos avan\u00e7os tecnol\u00f3gicos, o atendimento virtual de pacientes afastados por quest\u00f5es de sa\u00fade mental n\u00e3o se mostrou eficaz. O contato frente-a-frente apresentou resultados muito melhores, mesmo levando em conta o custo acrescido. O uso de medicamentos antidepressivos n\u00e3o foi recomendado.<\/p>\n<p>\u201cAo inv\u00e9s do uso destes medicamentos, que n\u00e3o apresentaram resultados eficientes em pacientes com depress\u00e3o ou ansiedade, percebemos que a atua\u00e7\u00e3o direta no ambiente de trabalho para entender e trabalhar as causas deste problema mostrou-se muito mais proveitosa\u201d, relatou.<\/p>\n","protected":false},"excerpt":{"rendered":"<p>O 17\u00ba Congresso Nacional da ANAMT abordou, em sua segunda plen\u00e1ria de sexta-feira (17), as \u201cOportunidades e limites da reinser\u00e7\u00e3o profissional na perspectiva da sa\u00fade mental\u201d, em atividade conduzida por Karen Nieuwenhuijsen, professora-assistente no Coronel Institute of Occupational Health e pesquisadora s\u00eanior no Centro de Pesquisa Holand\u00eas de Medicina Ocupacional da Universidade de Amsterd\u00e3. A [&hellip;]<\/p>\n","protected":false},"author":1,"featured_media":37213,"comment_status":"closed","ping_status":"closed","sticky":false,"template":"","format":"standard","meta":{"footnotes":""},"categories":[78],"tags":[],"_links":{"self":[{"href":"https:\/\/www.anamt.org.br\/portal\/wp-json\/wp\/v2\/posts\/37212"}],"collection":[{"href":"https:\/\/www.anamt.org.br\/portal\/wp-json\/wp\/v2\/posts"}],"about":[{"href":"https:\/\/www.anamt.org.br\/portal\/wp-json\/wp\/v2\/types\/post"}],"author":[{"embeddable":true,"href":"https:\/\/www.anamt.org.br\/portal\/wp-json\/wp\/v2\/users\/1"}],"replies":[{"embeddable":true,"href":"https:\/\/www.anamt.org.br\/portal\/wp-json\/wp\/v2\/comments?post=37212"}],"version-history":[{"count":0,"href":"https:\/\/www.anamt.org.br\/portal\/wp-json\/wp\/v2\/posts\/37212\/revisions"}],"wp:featuredmedia":[{"embeddable":true,"href":"https:\/\/www.anamt.org.br\/portal\/wp-json\/wp\/v2\/media\/37213"}],"wp:attachment":[{"href":"https:\/\/www.anamt.org.br\/portal\/wp-json\/wp\/v2\/media?parent=37212"}],"wp:term":[{"taxonomy":"category","embeddable":true,"href":"https:\/\/www.anamt.org.br\/portal\/wp-json\/wp\/v2\/categories?post=37212"},{"taxonomy":"post_tag","embeddable":true,"href":"https:\/\/www.anamt.org.br\/portal\/wp-json\/wp\/v2\/tags?post=37212"}],"curies":[{"name":"wp","href":"https:\/\/api.w.org\/{rel}","templated":true}]}}