{"id":37208,"date":"2019-05-17T13:36:47","date_gmt":"2019-05-17T16:36:47","guid":{"rendered":"https:\/\/www.anamt.org.br\/portal\/?p=37208"},"modified":"2019-05-17T13:39:27","modified_gmt":"2019-05-17T16:39:27","slug":"17o-congresso-nacional-assedio-moral-do-trabalho-e-melatonina","status":"publish","type":"post","link":"https:\/\/www.anamt.org.br\/portal\/2019\/05\/17\/17o-congresso-nacional-assedio-moral-do-trabalho-e-melatonina\/","title":{"rendered":"17\u00ba Congresso Nacional: ass\u00e9dio moral no trabalho e melatonina"},"content":{"rendered":"<p>O ass\u00e9dio moral no trabalho e suas repercuss\u00f5es na sa\u00fade dos trabalhadores e a influ\u00eancia da melatonina nas jornadas de trabalho foram tratados em uma semiplen\u00e1ria e um semin\u00e1rio nesta sexta (17) no 17\u00ba Congresso Nacional da ANAMT. Dr. Fernando Feij\u00f3 falou das defini\u00e7\u00f5es brasileiras para ass\u00e9dio moral, que incluem caracter\u00edsticas como conduta abusiva, intencional, frequente e repetitiva. As formas de realizar a pr\u00e1tica, como isolamento do trabalhador, uso de viol\u00eancia verbal, f\u00edsica e sexual, assim como mudan\u00e7as nas condi\u00e7\u00f5es de trabalho que prejudicam o desempenho foram mencionadas.<\/p>\n<p>O palestrante tamb\u00e9m listou os indicadores de risco, como imposi\u00e7\u00e3o de prazos. rigorosos e aumento de ritmo de trabalho. Dr. Fernando tamb\u00e9m apresentou dados de um estudo epidemiol\u00f3gico sobre o tema \u00e9 pontuou o papel dos m\u00e9dicos do trabalho nesse contexto, como buscar reduzir fatores causadores de estresse, pensar em pol\u00edticas voltadas para o tema e oferecer suporte cl\u00ednico, apoio psicol\u00f3gico e atendimento m\u00e9dico aos trabalhadores.<\/p>\n<p>O semin\u00e1rio &#8220;Melatonina, Sa\u00fade e Jornada de Trabalho&#8221; tratou do impacto do horm\u00f4nio no organismo das pessoas, em especial trabalhadores de turnos noturnos. Dr. Jos\u00e9 Cipolla Neto explicou como ocorre a produ\u00e7\u00e3o da subst\u00e2ncia, que \u00e9 diretamente associada \u00e0 exposi\u00e7\u00e3o dos seres humanos \u00e0 escurid\u00e3o, e como a mesma desencadeia as modifica\u00e7\u00f5es fisiol\u00f3gicas do corpo humano \u00e0 noite. A troca de turnos de trabalho prejudica a produ\u00e7\u00e3o do horm\u00f4nio, o que pode desencadear dist\u00farbios metab\u00f3licos e, consequentemente, doen\u00e7as.<\/p>\n<p>Em seguida, a Prof\u00aa Frida Fischer apresentou as caracter\u00edsticas das escalas de trabalho e sugest\u00f5es para minimizar as perturba\u00e7\u00f5es biol\u00f3gicas e perturba\u00e7\u00f5es sociais do trabalho noturno, assim como medidas preventivas, como escalas de trabalho e controle de exposi\u00e7\u00e3o \u00e0 luz. Ela destacou que h\u00e1 diferen\u00e7as na gest\u00e3o do trabalho diurno e falou da import\u00e2ncia da regula\u00e7\u00e3o individual.<\/p>\n<p>No mesmo painel, Elaine Marqueze abordou os hor\u00e1rios de trabalho e suas repercuss\u00f5es na sa\u00fade do trabalhador. Ela apontou as rela\u00e7\u00f5es entre fatores estressores com ocorr\u00eancia de doen\u00e7as cardiovasculares e diabetes e supress\u00e3o de melatonina. Entre os trabalhadores noturnos, a palestrante destacou que h\u00e1 tend\u00eancia de menos horas de sono. Ao final, ela apresentou instrumentos de avalia\u00e7\u00e3o do impacto do sono de curta dura\u00e7\u00e3o.<\/p>\n","protected":false},"excerpt":{"rendered":"<p>O ass\u00e9dio moral no trabalho e suas repercuss\u00f5es na sa\u00fade dos trabalhadores e a influ\u00eancia da melatonina nas jornadas de trabalho foram tratados em uma semiplen\u00e1ria e um semin\u00e1rio nesta sexta (17) no 17\u00ba Congresso Nacional da ANAMT. Dr. Fernando Feij\u00f3 falou das defini\u00e7\u00f5es brasileiras para ass\u00e9dio moral, que incluem caracter\u00edsticas como conduta abusiva, intencional, [&hellip;]<\/p>\n","protected":false},"author":1,"featured_media":30659,"comment_status":"closed","ping_status":"closed","sticky":false,"template":"","format":"standard","meta":{"footnotes":""},"categories":[78],"tags":[],"_links":{"self":[{"href":"https:\/\/www.anamt.org.br\/portal\/wp-json\/wp\/v2\/posts\/37208"}],"collection":[{"href":"https:\/\/www.anamt.org.br\/portal\/wp-json\/wp\/v2\/posts"}],"about":[{"href":"https:\/\/www.anamt.org.br\/portal\/wp-json\/wp\/v2\/types\/post"}],"author":[{"embeddable":true,"href":"https:\/\/www.anamt.org.br\/portal\/wp-json\/wp\/v2\/users\/1"}],"replies":[{"embeddable":true,"href":"https:\/\/www.anamt.org.br\/portal\/wp-json\/wp\/v2\/comments?post=37208"}],"version-history":[{"count":0,"href":"https:\/\/www.anamt.org.br\/portal\/wp-json\/wp\/v2\/posts\/37208\/revisions"}],"wp:featuredmedia":[{"embeddable":true,"href":"https:\/\/www.anamt.org.br\/portal\/wp-json\/wp\/v2\/media\/30659"}],"wp:attachment":[{"href":"https:\/\/www.anamt.org.br\/portal\/wp-json\/wp\/v2\/media?parent=37208"}],"wp:term":[{"taxonomy":"category","embeddable":true,"href":"https:\/\/www.anamt.org.br\/portal\/wp-json\/wp\/v2\/categories?post=37208"},{"taxonomy":"post_tag","embeddable":true,"href":"https:\/\/www.anamt.org.br\/portal\/wp-json\/wp\/v2\/tags?post=37208"}],"curies":[{"name":"wp","href":"https:\/\/api.w.org\/{rel}","templated":true}]}}