{"id":37191,"date":"2019-05-17T12:38:08","date_gmt":"2019-05-17T15:38:08","guid":{"rendered":"https:\/\/www.anamt.org.br\/portal\/?p=37191"},"modified":"2019-05-17T12:44:18","modified_gmt":"2019-05-17T15:44:18","slug":"17o-congresso-nacional-seminario-aborda-bases-de-dado-em-cancer-ocupacional","status":"publish","type":"post","link":"https:\/\/www.anamt.org.br\/portal\/2019\/05\/17\/17o-congresso-nacional-seminario-aborda-bases-de-dado-em-cancer-ocupacional\/","title":{"rendered":"17\u00ba Congresso Nacional: semin\u00e1rio aborda bases de dado em c\u00e2ncer ocupacional"},"content":{"rendered":"<p><img decoding=\"async\" class=\"aligncenter size-full wp-image-37192\" src=\"https:\/\/www.anamt.org.br\/portal\/wp-content\/uploads\/2019\/05\/17_CONGRESSO_ANAMT_TERCEIRO-DIA_GALERIA-4.jpg\" alt=\"\" width=\"650\" height=\"432\" srcset=\"https:\/\/www.anamt.org.br\/portal\/wp-content\/uploads\/2019\/05\/17_CONGRESSO_ANAMT_TERCEIRO-DIA_GALERIA-4-200x133.jpg 200w, https:\/\/www.anamt.org.br\/portal\/wp-content\/uploads\/2019\/05\/17_CONGRESSO_ANAMT_TERCEIRO-DIA_GALERIA-4-300x199.jpg 300w, https:\/\/www.anamt.org.br\/portal\/wp-content\/uploads\/2019\/05\/17_CONGRESSO_ANAMT_TERCEIRO-DIA_GALERIA-4-400x266.jpg 400w, https:\/\/www.anamt.org.br\/portal\/wp-content\/uploads\/2019\/05\/17_CONGRESSO_ANAMT_TERCEIRO-DIA_GALERIA-4-600x399.jpg 600w, https:\/\/www.anamt.org.br\/portal\/wp-content\/uploads\/2019\/05\/17_CONGRESSO_ANAMT_TERCEIRO-DIA_GALERIA-4.jpg 650w\" sizes=\"(max-width: 650px) 100vw, 650px\" \/><\/p>\n<p>O c\u00e2ncer \u00e9 a segunda principal causa de morte no muito e, em n\u00edvel global, uma em cada seis mortes est\u00e3o relacionadas ao c\u00e2ncer. E o relacionamento desta doen\u00e7a com o trabalho n\u00e3o pode ser esquecida pelo M\u00e9dico do Trabalho.<\/p>\n<p>Nesta sexta-feira (17), o 17\u00ba Congresso Nacional da ANAMT recebeu o semin\u00e1rio \u201cC\u00e2ncer relacionado ao trabalho\u201d, que debateu o assunto sob diversas perspectivas, mas com um tom em comum: \u00e9 preciso levantar informa\u00e7\u00f5es fidedignas baseadas em evid\u00eancias e bancos de dados confi\u00e1veis para ser poss\u00edvel intervir nas causas, e n\u00e3o apenas contabilizar v\u00edtimas.<\/p>\n<p>Karla Ba\u00eata, coordenadora-geral de Sa\u00fade do Trabalhador do Departamento de Vigil\u00e2ncia em Sa\u00fade Ambiental e Sa\u00fade do Trabalhador do Minist\u00e9rio da Sa\u00fade, abriu a atividade abordando a implementa\u00e7\u00e3o do Carex \u2013 sistema internacional de informa\u00e7\u00e3o sobre exposi\u00e7\u00f5es ocupacionais a agentes carcinog\u00eanicos e sua preval\u00eancia nos ambientes de trabalho \u2013 no Brasil.<\/p>\n<p>Segundo a especialista, o processo de constru\u00e7\u00e3o passa por uma revis\u00e3o e an\u00e1lise das informa\u00e7\u00f5es sobre o c\u00e2ncer relacionado ao trabalho em outros pa\u00edses para, posteriormente, fazer um paralelo com o perfil de trabalho no Brasil e os principais agentes cancer\u00edgenos destas atividades.<\/p>\n<p>\u201cA partir desta an\u00e1lise pelas principais bases de dado do pa\u00eds \u2013 CENSO demogr\u00e1fico, PNAD e RAIZ \u2013, conseguimos tra\u00e7ar o perfil de exposi\u00e7\u00e3o das profiss\u00f5es mais impactadas por estes agentes\u201d, explicou Karla. \u201cIsso \u00e9 importante porque, ao contr\u00e1rio da exposi\u00e7\u00e3o a agentes cancer\u00edgenos presentes no meio ambiente, a exposi\u00e7\u00e3o no ambiente de trabalho pode ser impedido ou cessado, j\u00e1 que n\u00e3o h\u00e1 \u2018n\u00edveis seguros\u2019 de exposi\u00e7\u00e3o a estas subst\u00e2ncias\u201d.<\/p>\n<p>Um dos principais desafios do processo tem sido a busca por fontes de informa\u00e7\u00e3o. Segundo Ba\u00eata, o acesso aos bancos de dados mais atualizados tem sido mais dif\u00edcil. A falta de estudos sobre os agrot\u00f3xicos, bem como a falta de informa\u00e7\u00f5es de empresas a respeito de terceirizados e as atividades que eles exercem t\u00eam se mostrado barreiras para um diagn\u00f3stico mais preciso.<\/p>\n<p>\u201cO Carex tem o potencial de tornar-se uma importante base de dados capaz de auxiliar na vigil\u00e2ncia do c\u00e2ncer relacionado ao trabalho e na produ\u00e7\u00e3o de pol\u00edticas p\u00fablicas voltadas ao assunto\u201d, sublinhou Karla. \u201cPor isso temos tentado refor\u00e7ar a import\u00e2ncia deste programa, ressaltando que ele deve ser continuado independentemente do governo em quest\u00e3o\u201d.<\/p>\n<h3>Atlas do C\u00e2ncer Relacionado ao Trabalho<\/h3>\n<p>Outro importante aliado na elabora\u00e7\u00e3o de pol\u00edticas p\u00fablicas e de medidas protetivas em empresas \u00e9 o Atlas do C\u00e2ncer Relacionado ao Trabalho, lan\u00e7ado pelo Minist\u00e9rio da Sa\u00fade em dezembro do ano passado. In\u00e9dita, a publica\u00e7\u00e3o estima a doen\u00e7a que seria prevenida caso o fator de risco fosse eliminado.<\/p>\n<p>No mapeamento da mortalidade por c\u00e2nceres relacionada ao trabalho, foram identificados os 900 agentes com alto potencial cancer\u00edgeno mais presentes nos ambientes de trabalho e que podem ser evitados com medidas preventivas, como o uso de materiais e equipamentos.<\/p>\n<p>Segundo Daniela Buosi, coordenadora-geral de Vigil\u00e2ncia em Sa\u00fade Ambiental no Minist\u00e9rio da Sa\u00fade, abordou o desenvolvimento do atlas e sua atualiza\u00e7\u00e3o. \u201cCome\u00e7amos um trabalho com um recorte nacional sobre os c\u00e2nceres relacionados ao trabalho, mas ainda neste ano faremos os recortes estaduais, j\u00e1 que os cen\u00e1rios de cada regi\u00e3o s\u00e3o diferentes de acordo com o perfil do mercado de trabalho\u201d, aponta a especialista.<\/p>\n<p>Buosi ressaltou a import\u00e2ncia de ter boas bases de dados para esse tipo de trabalho, exaltando o trabalho do Carex Brasil e os dados do Instituto Nacional do C\u00e2ncer (INCA) neste sentido. \u201cA produ\u00e7\u00e3o de informa\u00e7\u00f5es fidedignas, confi\u00e1veis e de qualidade \u00e9 fundamental para a elabora\u00e7\u00e3o de pol\u00edticas de sa\u00fade baseadas em evid\u00eancias. A partir deles, o investimento em diagn\u00f3sticos precoces e exames peri\u00f3dicos s\u00e3o determinantes para evitar danos irrevers\u00edveis \u00e0 sa\u00fade do trabalhador\u201d, afirma. \u201cQueremos intervir na causa, e n\u00e3o s\u00f3 contabilizar v\u00edtimas\u201d.<\/p>\n","protected":false},"excerpt":{"rendered":"<p>O c\u00e2ncer \u00e9 a segunda principal causa de morte no muito e, em n\u00edvel global, uma em cada seis mortes est\u00e3o relacionadas ao c\u00e2ncer. E o relacionamento desta doen\u00e7a com o trabalho n\u00e3o pode ser esquecida pelo M\u00e9dico do Trabalho. Nesta sexta-feira (17), o 17\u00ba Congresso Nacional da ANAMT recebeu o semin\u00e1rio \u201cC\u00e2ncer relacionado ao [&hellip;]<\/p>\n","protected":false},"author":1,"featured_media":37194,"comment_status":"closed","ping_status":"closed","sticky":false,"template":"","format":"standard","meta":{"footnotes":""},"categories":[78],"tags":[],"_links":{"self":[{"href":"https:\/\/www.anamt.org.br\/portal\/wp-json\/wp\/v2\/posts\/37191"}],"collection":[{"href":"https:\/\/www.anamt.org.br\/portal\/wp-json\/wp\/v2\/posts"}],"about":[{"href":"https:\/\/www.anamt.org.br\/portal\/wp-json\/wp\/v2\/types\/post"}],"author":[{"embeddable":true,"href":"https:\/\/www.anamt.org.br\/portal\/wp-json\/wp\/v2\/users\/1"}],"replies":[{"embeddable":true,"href":"https:\/\/www.anamt.org.br\/portal\/wp-json\/wp\/v2\/comments?post=37191"}],"version-history":[{"count":0,"href":"https:\/\/www.anamt.org.br\/portal\/wp-json\/wp\/v2\/posts\/37191\/revisions"}],"wp:featuredmedia":[{"embeddable":true,"href":"https:\/\/www.anamt.org.br\/portal\/wp-json\/wp\/v2\/media\/37194"}],"wp:attachment":[{"href":"https:\/\/www.anamt.org.br\/portal\/wp-json\/wp\/v2\/media?parent=37191"}],"wp:term":[{"taxonomy":"category","embeddable":true,"href":"https:\/\/www.anamt.org.br\/portal\/wp-json\/wp\/v2\/categories?post=37191"},{"taxonomy":"post_tag","embeddable":true,"href":"https:\/\/www.anamt.org.br\/portal\/wp-json\/wp\/v2\/tags?post=37191"}],"curies":[{"name":"wp","href":"https:\/\/api.w.org\/{rel}","templated":true}]}}