{"id":37176,"date":"2019-05-17T10:34:58","date_gmt":"2019-05-17T13:34:58","guid":{"rendered":"https:\/\/www.anamt.org.br\/portal\/?p=37176"},"modified":"2019-05-17T13:38:58","modified_gmt":"2019-05-17T16:38:58","slug":"congresso-nacional-saude-dos-trabalhadores-nos-desafios-contemporaneos","status":"publish","type":"post","link":"https:\/\/www.anamt.org.br\/portal\/2019\/05\/17\/congresso-nacional-saude-dos-trabalhadores-nos-desafios-contemporaneos\/","title":{"rendered":"17\u00ba Congresso Nacional: sa\u00fade dos trabalhadores nos desafios contempor\u00e2neos"},"content":{"rendered":"<p><img decoding=\"async\" class=\"aligncenter size-full wp-image-37186\" src=\"https:\/\/www.anamt.org.br\/portal\/wp-content\/uploads\/2019\/05\/17_CONGRESSO_ANAMT_TERCEIRO-DIA_GALERIA-1.jpg\" alt=\"\" width=\"650\" height=\"432\" srcset=\"https:\/\/www.anamt.org.br\/portal\/wp-content\/uploads\/2019\/05\/17_CONGRESSO_ANAMT_TERCEIRO-DIA_GALERIA-1-200x133.jpg 200w, https:\/\/www.anamt.org.br\/portal\/wp-content\/uploads\/2019\/05\/17_CONGRESSO_ANAMT_TERCEIRO-DIA_GALERIA-1-300x199.jpg 300w, https:\/\/www.anamt.org.br\/portal\/wp-content\/uploads\/2019\/05\/17_CONGRESSO_ANAMT_TERCEIRO-DIA_GALERIA-1-400x266.jpg 400w, https:\/\/www.anamt.org.br\/portal\/wp-content\/uploads\/2019\/05\/17_CONGRESSO_ANAMT_TERCEIRO-DIA_GALERIA-1-600x399.jpg 600w, https:\/\/www.anamt.org.br\/portal\/wp-content\/uploads\/2019\/05\/17_CONGRESSO_ANAMT_TERCEIRO-DIA_GALERIA-1.jpg 650w\" sizes=\"(max-width: 650px) 100vw, 650px\" \/><\/p>\n<p>Os trabalhos do segundo dia do 17\u00ba Congresso Nacional da ANAMT tiveram in\u00edcio com a confer\u00eancia &#8220;Trabalhando o tempo todo em qualquer lugar &#8211; como lidar com os desafios para a sa\u00fade dos trabalhadores na sociedade contempor\u00e2nea?&#8221;. Dra. L\u00facia Rotenberg, do Instituto Oswaldo Cruz, da Fiocruz, falou sobre as mudan\u00e7as que a tecnologia trouxe para a rela\u00e7\u00e3o entre o trabalho e vida pessoal, devido \u00e0 possibilidade de acesso \u00e0s demandas de trabalho o tempo todo, por meio de dispositivos eletr\u00f4nicos e crescimento do teletrabalho.<\/p>\n<p>A palestrante enumerou os benef\u00edcios da modalidade, como maior autonomia dos trabalhadores, ganho de tempo utilizado no transporte p\u00fablico e maior controle do mesmo para outras atividades. Por\u00e9m, ela apontou dados da Organiza\u00e7\u00e3o Internacional do Trabalho (OIT) que indicam a dificuldade de equil\u00edbrio entre vida profissional e pessoal, e que muitos se sentem sempre estressados e mais controlados pela empresa nesse formato. Al\u00e9m disso, h\u00e1 trabalhadores que se sentem mais isolados, com sensa\u00e7\u00e3o de fragilidade e mais estressados pela alta responsabilidade.<\/p>\n<p>A essa modalidade, tamb\u00e9m existe o conceito de telepress\u00e3o, no qual os indiv\u00edduos sentem necessidade de estarem sempre conectados para tratar das tarefas com o chefe e demais colegas. Segundo L\u00facia, esse contexto traz desdobramentos \u00e0 sa\u00fade dessas pessoas, como chances de agravos \u00e0 sa\u00fade duas vezes maiores que entre pessoas que trabalham nas empresas.<\/p>\n<p>A necessidade de adaptar as Normas Regulamentadoras (NRS) a essa realidade foi lembrada pela palestrante, que tamb\u00e9m pontuou a diferen\u00e7a de desdobramentos entre homens e mulheres, por conta do trabalho dom\u00e9stico. L\u00facia tamb\u00e9m lembrou que as tecnologias n\u00e3o s\u00e3o culpadas, mas a forma como a utilizamos a partir do contexto em que estamos inseridos.<\/p>\n","protected":false},"excerpt":{"rendered":"<p>Os trabalhos do segundo dia do 17\u00ba Congresso Nacional da ANAMT tiveram in\u00edcio com a confer\u00eancia &#8220;Trabalhando o tempo todo em qualquer lugar &#8211; como lidar com os desafios para a sa\u00fade dos trabalhadores na sociedade contempor\u00e2nea?&#8221;. Dra. L\u00facia Rotenberg, do Instituto Oswaldo Cruz, da Fiocruz, falou sobre as mudan\u00e7as que a tecnologia trouxe para [&hellip;]<\/p>\n","protected":false},"author":1,"featured_media":37188,"comment_status":"closed","ping_status":"closed","sticky":false,"template":"","format":"standard","meta":{"footnotes":""},"categories":[78],"tags":[],"_links":{"self":[{"href":"https:\/\/www.anamt.org.br\/portal\/wp-json\/wp\/v2\/posts\/37176"}],"collection":[{"href":"https:\/\/www.anamt.org.br\/portal\/wp-json\/wp\/v2\/posts"}],"about":[{"href":"https:\/\/www.anamt.org.br\/portal\/wp-json\/wp\/v2\/types\/post"}],"author":[{"embeddable":true,"href":"https:\/\/www.anamt.org.br\/portal\/wp-json\/wp\/v2\/users\/1"}],"replies":[{"embeddable":true,"href":"https:\/\/www.anamt.org.br\/portal\/wp-json\/wp\/v2\/comments?post=37176"}],"version-history":[{"count":0,"href":"https:\/\/www.anamt.org.br\/portal\/wp-json\/wp\/v2\/posts\/37176\/revisions"}],"wp:featuredmedia":[{"embeddable":true,"href":"https:\/\/www.anamt.org.br\/portal\/wp-json\/wp\/v2\/media\/37188"}],"wp:attachment":[{"href":"https:\/\/www.anamt.org.br\/portal\/wp-json\/wp\/v2\/media?parent=37176"}],"wp:term":[{"taxonomy":"category","embeddable":true,"href":"https:\/\/www.anamt.org.br\/portal\/wp-json\/wp\/v2\/categories?post=37176"},{"taxonomy":"post_tag","embeddable":true,"href":"https:\/\/www.anamt.org.br\/portal\/wp-json\/wp\/v2\/tags?post=37176"}],"curies":[{"name":"wp","href":"https:\/\/api.w.org\/{rel}","templated":true}]}}