{"id":37174,"date":"2019-05-17T10:32:32","date_gmt":"2019-05-17T13:32:32","guid":{"rendered":"https:\/\/www.anamt.org.br\/portal\/?p=37174"},"modified":"2019-05-17T11:27:29","modified_gmt":"2019-05-17T14:27:29","slug":"17o-congresso-nacional-riscos-psicossociais-em-ambientes-de-alta-demanda","status":"publish","type":"post","link":"https:\/\/www.anamt.org.br\/portal\/2019\/05\/17\/17o-congresso-nacional-riscos-psicossociais-em-ambientes-de-alta-demanda\/","title":{"rendered":"17\u00ba Congresso Nacional: riscos psicossociais em ambientes de alta demanda"},"content":{"rendered":"<p>Muitas vezes, conciliar a sa\u00fade e bem-estar dos funcion\u00e1rios dentro de um ambiente de alta demanda \u00e9 um grande desafio para um M\u00e9dico de Trabalho, especialmente tendo em vista os riscos psicossociais envolvidos. No 17\u00ba Congresso Nacional da ANAMT, a semiplen\u00e1ria \u201cGest\u00e3o de conflitos: comunica\u00e7\u00e3o e gest\u00e3o de desempenho com foco em resultados\u201d abordou este tema na sexta-feira (17).<\/p>\n<p>A apresenta\u00e7\u00e3o foi feita por Marc Jacoby, m\u00e9dico do trabalho, diretor do departamento de sa\u00fade da ArcelorMittal, presidente da Associa\u00e7\u00e3o de Sa\u00fade Ocupacional de Luxemburgo e integrante do conselho para Sa\u00fade e Seguran\u00e7a no Trabalho do governo local.<\/p>\n<p>\u201cA press\u00e3o por resultados e o individualismo fazem com que o trabalho em equipe seja cada vez menos comum, especialmente em ambientes de gest\u00e3o t\u00f3xica e de elevada demanda. Isso gera um ambiente que leva uma s\u00e9rie de riscos psicossociais ao trabalhador\u201d, explica Jacoby.<\/p>\n<p>De acordo com o especialista, a coexist\u00eancia de um ambiente de alta demanda e saud\u00e1vel \u00e9 poss\u00edvel, desde que o empregador d\u00ea ao empregado o apoio necess\u00e1rio para isso. E, neste desenho, a fun\u00e7\u00e3o do M\u00e9dico do Trabalho como mediador \u00e9 fundamental.<\/p>\n<p>\u201cHoje, a profiss\u00e3o do M\u00e9dico do Trabalho concentra uma s\u00e9rie de fun\u00e7\u00f5es al\u00e9m do exerc\u00edcio m\u00e9dico propriamente dito. Isso inclui a media\u00e7\u00e3o entre gest\u00e3o e empregado, ser o coach de sa\u00fade dos funcion\u00e1rios, ser um gestor para poder dialogar em igualdade com os gestores de outras \u00e1reas e controlar seus indicadores, como consultores de projetos e at\u00e9 como l\u00edderes de time. As mudan\u00e7as no cen\u00e1rio de trabalho nos exige v\u00e1rios papeis\u201d, ressaltou.<\/p>\n<h3>Modelos para superar esse desafio<\/h3>\n<p>Um modelo apresentado pelo Dr. Jacoby \u2013 que pode ser conferida no <a href=\"https:\/\/www.anamt.org.br\/portal\/2019\/05\/02\/17o-congresso-nacional-edicao-especial-da-rbmt-reune-producao-cientifica\/\">suplemento especial da Revista Brasileira de Medicina do Trabalho para o Congresso<\/a> \u2013 para gerenciar os riscos psicossociais aos quais os trabalhadores s\u00e3o expostos.<\/p>\n<p>A proposta inclui um processo inicial de avalia\u00e7\u00e3o de riscos aos quais, uma etapa de comunica\u00e7\u00e3o para criar consci\u00eancia tanto dos empregados sobre os perigos quanto dos empregadores para motiv\u00e1-los a investir em medidas preventivas e protetivas, a consultoria de projetos internos, a media\u00e7\u00e3o em situa\u00e7\u00f5es de conflitos e o coaching como forma de desenvolver a auto-estima do funcion\u00e1rio e ensin\u00e1-lo a gerir-se em situa\u00e7\u00f5es mais individuais.<\/p>\n<p>\u201cAl\u00e9m disso tudo, tamb\u00e9m \u00e9 necess\u00e1rio formar indicadores individuais de risco psicossocial, para que cada funcion\u00e1rio tenha um acompanhamento no longo prazo, e tamb\u00e9m um indicador de risco psicossocial coletivo, at\u00e9 para acompanhar o impacto das pol\u00edticas propostas pela empresa na for\u00e7a de trabalho\u201d, aponta o presidente da Associa\u00e7\u00e3o de Sa\u00fade Ocupacional de Luxemburgo.<\/p>\n<p>Jacoby tamb\u00e9m listou alguns dos principais fatores prim\u00e1rios de risco psicossocial, como relacionamentos ruins no ambiente de trabalho, lideran\u00e7a t\u00f3xica ou falta de lideran\u00e7a, contexto econ\u00f4mico da empresa, carga de trabalho excessiva, press\u00e3o por prazos muito curtos e expectativas de que parte do trabalho seja realizado fora do ambiente de trabalho, rompendo as fronteiras entre o lar e o emprego.<\/p>\n<p>\u201cAl\u00e9m de uma avalia\u00e7\u00e3o profunda do ambiente da empresa, tamb\u00e9m podemos identificar estes fatores atrav\u00e9s do estabelecimento de um modelo de comunica\u00e7\u00e3o mais eficiente, com canais de di\u00e1logo abertos dispostos a ouvir e tamb\u00e9m ensinar aos funcion\u00e1rios\u201d, ressaltou.<\/p>\n","protected":false},"excerpt":{"rendered":"<p>Muitas vezes, conciliar a sa\u00fade e bem-estar dos funcion\u00e1rios dentro de um ambiente de alta demanda \u00e9 um grande desafio para um M\u00e9dico de Trabalho, especialmente tendo em vista os riscos psicossociais envolvidos. No 17\u00ba Congresso Nacional da ANAMT, a semiplen\u00e1ria \u201cGest\u00e3o de conflitos: comunica\u00e7\u00e3o e gest\u00e3o de desempenho com foco em resultados\u201d abordou este [&hellip;]<\/p>\n","protected":false},"author":1,"featured_media":35497,"comment_status":"closed","ping_status":"closed","sticky":false,"template":"","format":"standard","meta":{"footnotes":""},"categories":[78],"tags":[],"_links":{"self":[{"href":"https:\/\/www.anamt.org.br\/portal\/wp-json\/wp\/v2\/posts\/37174"}],"collection":[{"href":"https:\/\/www.anamt.org.br\/portal\/wp-json\/wp\/v2\/posts"}],"about":[{"href":"https:\/\/www.anamt.org.br\/portal\/wp-json\/wp\/v2\/types\/post"}],"author":[{"embeddable":true,"href":"https:\/\/www.anamt.org.br\/portal\/wp-json\/wp\/v2\/users\/1"}],"replies":[{"embeddable":true,"href":"https:\/\/www.anamt.org.br\/portal\/wp-json\/wp\/v2\/comments?post=37174"}],"version-history":[{"count":0,"href":"https:\/\/www.anamt.org.br\/portal\/wp-json\/wp\/v2\/posts\/37174\/revisions"}],"wp:featuredmedia":[{"embeddable":true,"href":"https:\/\/www.anamt.org.br\/portal\/wp-json\/wp\/v2\/media\/35497"}],"wp:attachment":[{"href":"https:\/\/www.anamt.org.br\/portal\/wp-json\/wp\/v2\/media?parent=37174"}],"wp:term":[{"taxonomy":"category","embeddable":true,"href":"https:\/\/www.anamt.org.br\/portal\/wp-json\/wp\/v2\/categories?post=37174"},{"taxonomy":"post_tag","embeddable":true,"href":"https:\/\/www.anamt.org.br\/portal\/wp-json\/wp\/v2\/tags?post=37174"}],"curies":[{"name":"wp","href":"https:\/\/api.w.org\/{rel}","templated":true}]}}