{"id":37164,"date":"2019-05-17T09:15:09","date_gmt":"2019-05-17T12:15:09","guid":{"rendered":"https:\/\/www.anamt.org.br\/portal\/?p=37164"},"modified":"2019-05-17T11:26:12","modified_gmt":"2019-05-17T14:26:12","slug":"17o-congresso-nacional-envelhecimento-da-populacao-e-sst-no-esocial","status":"publish","type":"post","link":"https:\/\/www.anamt.org.br\/portal\/2019\/05\/17\/17o-congresso-nacional-envelhecimento-da-populacao-e-sst-no-esocial\/","title":{"rendered":"17\u00ba Congresso Nacional: envelhecimento da popula\u00e7\u00e3o e SST no eSocial"},"content":{"rendered":"<p>O eSocial e o envelhecimento dos trabalhadores foram tratados em dois semin\u00e1rios do 17\u00ba Congresso Nacional da ANAMT. Sobre a plataforma de envio de informa\u00e7\u00f5es previdenci\u00e1rias e trabalhistas, Dr. Cl\u00e1udio Patrus lembrou que a ferramenta n\u00e3o substitui o PPRA e o PCMSO. Ele tamb\u00e9m enumerou os princ\u00edpios do eSocial, como garantia de direitos trabalhistas e simplifica\u00e7\u00e3o do cumprimento das obriga\u00e7\u00f5es.<\/p>\n<p>Com cronograma de entrada na plataforma at\u00e9 2020, o palestrante lembrou que h\u00e1 possibilidade de adiamento ou novos faseamentos, mas, \u00e0 princ\u00edpio, as datas permanecem as mesmas.<\/p>\n<p>Al\u00e9m dos eventos relacionados \u00e0 \u00e1rea de SST, Dr. Cl\u00e1udio pontuou as poss\u00edveis dificuldades que empresas pequenas ter\u00e3o ao lidar com o envio dos eventos nos prazos estabelecidos, al\u00e9m das intera\u00e7\u00f5es entre os campos do eSocial. Segundo ele, mais de 1200 campos t\u00eam intera\u00e7\u00f5es e em mais de 60% deles, o reconhecimento disso demanda maior conhecimento t\u00e9cnico. No caso das informa\u00e7\u00f5es de sa\u00fade e seguran\u00e7a, a correla\u00e7\u00e3o chega a 80% dos dados.<\/p>\n<p>Dra. Ana Am\u00e9lia Camarano, Dra. Camila Menezes e Dr. Glauber Paiva palestraram no semin\u00e1rio Envelhecimento da Popula\u00e7\u00e3o e o Impacto da Medicina do Trabalho. Eles trataram da inser\u00e7\u00e3o e manuten\u00e7\u00e3o das pessoas com mais idade no mercado de trabalho, capacidade para o trabalho entre adultos mais velhos e o idoso no trabalho, assim como as compet\u00eancias necess\u00e1rias para os m\u00e9dicos do trabalho lidarem com essa popula\u00e7\u00e3o, cuidados mais recorrentes e mudan\u00e7as necess\u00e1rias no trabalho desse p\u00fablico.<\/p>\n","protected":false},"excerpt":{"rendered":"<p>O eSocial e o envelhecimento dos trabalhadores foram tratados em dois semin\u00e1rios do 17\u00ba Congresso Nacional da ANAMT. Sobre a plataforma de envio de informa\u00e7\u00f5es previdenci\u00e1rias e trabalhistas, Dr. Cl\u00e1udio Patrus lembrou que a ferramenta n\u00e3o substitui o PPRA e o PCMSO. Ele tamb\u00e9m enumerou os princ\u00edpios do eSocial, como garantia de direitos trabalhistas e [&hellip;]<\/p>\n","protected":false},"author":1,"featured_media":36457,"comment_status":"closed","ping_status":"closed","sticky":false,"template":"","format":"standard","meta":{"footnotes":""},"categories":[78],"tags":[],"_links":{"self":[{"href":"https:\/\/www.anamt.org.br\/portal\/wp-json\/wp\/v2\/posts\/37164"}],"collection":[{"href":"https:\/\/www.anamt.org.br\/portal\/wp-json\/wp\/v2\/posts"}],"about":[{"href":"https:\/\/www.anamt.org.br\/portal\/wp-json\/wp\/v2\/types\/post"}],"author":[{"embeddable":true,"href":"https:\/\/www.anamt.org.br\/portal\/wp-json\/wp\/v2\/users\/1"}],"replies":[{"embeddable":true,"href":"https:\/\/www.anamt.org.br\/portal\/wp-json\/wp\/v2\/comments?post=37164"}],"version-history":[{"count":0,"href":"https:\/\/www.anamt.org.br\/portal\/wp-json\/wp\/v2\/posts\/37164\/revisions"}],"wp:featuredmedia":[{"embeddable":true,"href":"https:\/\/www.anamt.org.br\/portal\/wp-json\/wp\/v2\/media\/36457"}],"wp:attachment":[{"href":"https:\/\/www.anamt.org.br\/portal\/wp-json\/wp\/v2\/media?parent=37164"}],"wp:term":[{"taxonomy":"category","embeddable":true,"href":"https:\/\/www.anamt.org.br\/portal\/wp-json\/wp\/v2\/categories?post=37164"},{"taxonomy":"post_tag","embeddable":true,"href":"https:\/\/www.anamt.org.br\/portal\/wp-json\/wp\/v2\/tags?post=37164"}],"curies":[{"name":"wp","href":"https:\/\/api.w.org\/{rel}","templated":true}]}}