{"id":37154,"date":"2019-05-16T16:27:59","date_gmt":"2019-05-16T19:27:59","guid":{"rendered":"https:\/\/www.anamt.org.br\/portal\/?p=37154"},"modified":"2019-05-17T10:48:10","modified_gmt":"2019-05-17T13:48:10","slug":"17o-congresso-nacional-morte-no-trabalho-e-saude-das-mulheres","status":"publish","type":"post","link":"https:\/\/www.anamt.org.br\/portal\/2019\/05\/16\/17o-congresso-nacional-morte-no-trabalho-e-saude-das-mulheres\/","title":{"rendered":"17\u00ba Congresso Nacional: morte no trabalho e sa\u00fade das mulheres"},"content":{"rendered":"<p><img decoding=\"async\" class=\"aligncenter wp-image-37171 size-full\" src=\"https:\/\/www.anamt.org.br\/portal\/wp-content\/uploads\/2019\/05\/17_CONGRESSO_ANAMT_SEGUNDO-DIA_GALERIA-5.jpg\" alt=\"\" width=\"650\" height=\"432\" srcset=\"https:\/\/www.anamt.org.br\/portal\/wp-content\/uploads\/2019\/05\/17_CONGRESSO_ANAMT_SEGUNDO-DIA_GALERIA-5-200x133.jpg 200w, https:\/\/www.anamt.org.br\/portal\/wp-content\/uploads\/2019\/05\/17_CONGRESSO_ANAMT_SEGUNDO-DIA_GALERIA-5-300x199.jpg 300w, https:\/\/www.anamt.org.br\/portal\/wp-content\/uploads\/2019\/05\/17_CONGRESSO_ANAMT_SEGUNDO-DIA_GALERIA-5-400x266.jpg 400w, https:\/\/www.anamt.org.br\/portal\/wp-content\/uploads\/2019\/05\/17_CONGRESSO_ANAMT_SEGUNDO-DIA_GALERIA-5-600x399.jpg 600w, https:\/\/www.anamt.org.br\/portal\/wp-content\/uploads\/2019\/05\/17_CONGRESSO_ANAMT_SEGUNDO-DIA_GALERIA-5.jpg 650w\" sizes=\"(max-width: 650px) 100vw, 650px\" \/><\/p>\n<p>Na parte da tarde do primeiro dia do 17\u00ba Congresso Nacional da ANAMT, os palestrantes trataram de temas com impacto direto na produtividade e bem estar integral dos trabalhadores: a morte no trabalho e a rela\u00e7\u00e3o das mulheres com o trabalho.<\/p>\n<p>O desembargador do Tribunal Regional do Trabalho da 3\u00aa Regi\u00e3o, Dr. Sebasti\u00e3o de Oliveira, destacou o hist\u00f3rico do pa\u00eds com situa\u00e7\u00f5es violentas no trabalho, como no per\u00edodo escravocrata, nas rela\u00e7\u00f5es de servid\u00e3o e, atualmente, nas situa\u00e7\u00f5es de abuso de poder. Ele tamb\u00e9m listou casos de viol\u00eancia explicita, como acidentes de trabalho e trabalho escravo e infantil, e situa\u00e7\u00f5es encobertas, como intimida\u00e7\u00e3o, ass\u00e9dios moral e sexual, discrimina\u00e7\u00e3o e comportamento homof\u00f3bico.<\/p>\n<p>O palestrante pontuou que as demandas por indeniza\u00e7\u00e3o por ass\u00e9dio no Tribunal cresceram nos \u00faltimos anos. Ele tamb\u00e9m destacou mudan\u00e7as legislativas que contribu\u00edram para a conscientiza\u00e7\u00e3o sobre e tema, como <a href=\"http:\/\/www.planalto.gov.br\/ccivil_03\/_ato2015-2018\/2015\/lei\/l13185.htm\" target=\"_blank\" rel=\"noopener\">a lei do bullying (Lei n\u00ba 13.185\/15)<\/a>, que define o tema e institui necessidade de a\u00e7\u00f5es de conscientiza\u00e7\u00e3o e combate sobre o assunto.<\/p>\n<p>Dra. Rosane Griep, por sua vez, falou sobre Mulher e Trabalho. Ela apontou dados de pesquisa que indicam a influ\u00eancia da acumula\u00e7\u00e3o de tarefas nas esferas familiares e do trabalho na sa\u00fade das mulheres, assim como o conflito gerado pela sensa\u00e7\u00e3o de n\u00e3o exercer as duas fun\u00e7\u00f5es adequadamente.<\/p>\n<p>Entre os desdobramentos dessa situa\u00e7\u00e3o de estresse para a sa\u00fade delas, obesidade, enxaqueca, e score de sa\u00fade cardiovascular mais baixo. A palestrante destacou que, mais que benef\u00edcios para a sa\u00fade das mulheres, a igualdade de g\u00eanero contribui para o progresso socioecon\u00f4mico, a conviv\u00eancia familiar e melhora da sa\u00fade e bem estar das trabalhadoras.<\/p>\n","protected":false},"excerpt":{"rendered":"<p>Na parte da tarde do primeiro dia do 17\u00ba Congresso Nacional da ANAMT, os palestrantes trataram de temas com impacto direto na produtividade e bem estar integral dos trabalhadores: a morte no trabalho e a rela\u00e7\u00e3o das mulheres com o trabalho. O desembargador do Tribunal Regional do Trabalho da 3\u00aa Regi\u00e3o, Dr. Sebasti\u00e3o de Oliveira, [&hellip;]<\/p>\n","protected":false},"author":1,"featured_media":37155,"comment_status":"closed","ping_status":"closed","sticky":false,"template":"","format":"standard","meta":{"footnotes":""},"categories":[78],"tags":[],"_links":{"self":[{"href":"https:\/\/www.anamt.org.br\/portal\/wp-json\/wp\/v2\/posts\/37154"}],"collection":[{"href":"https:\/\/www.anamt.org.br\/portal\/wp-json\/wp\/v2\/posts"}],"about":[{"href":"https:\/\/www.anamt.org.br\/portal\/wp-json\/wp\/v2\/types\/post"}],"author":[{"embeddable":true,"href":"https:\/\/www.anamt.org.br\/portal\/wp-json\/wp\/v2\/users\/1"}],"replies":[{"embeddable":true,"href":"https:\/\/www.anamt.org.br\/portal\/wp-json\/wp\/v2\/comments?post=37154"}],"version-history":[{"count":0,"href":"https:\/\/www.anamt.org.br\/portal\/wp-json\/wp\/v2\/posts\/37154\/revisions"}],"wp:featuredmedia":[{"embeddable":true,"href":"https:\/\/www.anamt.org.br\/portal\/wp-json\/wp\/v2\/media\/37155"}],"wp:attachment":[{"href":"https:\/\/www.anamt.org.br\/portal\/wp-json\/wp\/v2\/media?parent=37154"}],"wp:term":[{"taxonomy":"category","embeddable":true,"href":"https:\/\/www.anamt.org.br\/portal\/wp-json\/wp\/v2\/categories?post=37154"},{"taxonomy":"post_tag","embeddable":true,"href":"https:\/\/www.anamt.org.br\/portal\/wp-json\/wp\/v2\/tags?post=37154"}],"curies":[{"name":"wp","href":"https:\/\/api.w.org\/{rel}","templated":true}]}}