{"id":37133,"date":"2019-05-16T14:43:56","date_gmt":"2019-05-16T17:43:56","guid":{"rendered":"https:\/\/www.anamt.org.br\/portal\/?p=37133"},"modified":"2019-05-16T14:43:56","modified_gmt":"2019-05-16T17:43:56","slug":"inclusao-e-diversidade-anamt-publica-procedimento-para-avaliacao-da-pcd","status":"publish","type":"post","link":"https:\/\/www.anamt.org.br\/portal\/2019\/05\/16\/inclusao-e-diversidade-anamt-publica-procedimento-para-avaliacao-da-pcd\/","title":{"rendered":"Inclus\u00e3o e Diversidade: ANAMT publica procedimento para avalia\u00e7\u00e3o da PcD"},"content":{"rendered":"<p><img decoding=\"async\" class=\"aligncenter wp-image-37136 size-full\" src=\"https:\/\/www.anamt.org.br\/portal\/wp-content\/uploads\/2019\/05\/procedimento_de_avalia\u00e7a_clinica_pcd_640x288.jpg\" alt=\"\" width=\"640\" height=\"288\" srcset=\"https:\/\/www.anamt.org.br\/portal\/wp-content\/uploads\/2019\/05\/procedimento_de_avalia\u00e7a_clinica_pcd_640x288-200x90.jpg 200w, https:\/\/www.anamt.org.br\/portal\/wp-content\/uploads\/2019\/05\/procedimento_de_avalia\u00e7a_clinica_pcd_640x288-300x135.jpg 300w, https:\/\/www.anamt.org.br\/portal\/wp-content\/uploads\/2019\/05\/procedimento_de_avalia\u00e7a_clinica_pcd_640x288-400x180.jpg 400w, https:\/\/www.anamt.org.br\/portal\/wp-content\/uploads\/2019\/05\/procedimento_de_avalia\u00e7a_clinica_pcd_640x288-600x270.jpg 600w, https:\/\/www.anamt.org.br\/portal\/wp-content\/uploads\/2019\/05\/procedimento_de_avalia\u00e7a_clinica_pcd_640x288.jpg 640w\" sizes=\"(max-width: 640px) 100vw, 640px\" \/><\/p>\n<p>A avalia\u00e7\u00e3o da pessoa com defici\u00eancia (PcD) tendo em vista sua aptid\u00e3o a determinadas atividades \u00e9 um desafio multiprofissional. O papel do M\u00e9dico do Trabalho \u00e9 fundamental para tentar reduzir ao m\u00e1ximo barreiras que poderiam ser excludentes a esse grupo no mercado de trabalho.<\/p>\n<p>Por solicita\u00e7\u00e3o da Associa\u00e7\u00e3o M\u00e9dica Brasileira (AMB), a Associa\u00e7\u00e3o de Medicina do Trabalho (ANAMT) conduziu a elabora\u00e7\u00e3o do <em>Procedimento de Avalia\u00e7\u00e3o Cl\u00ednica e Funcional da Pessoa com Defici\u00eancia (PcD) para o Trabalho<\/em>, com o objetivo de estabelecer par\u00e2metros m\u00ednimos para que esta avalia\u00e7\u00e3o seja realizada por m\u00e9dicos, adotando crit\u00e9rios homog\u00eaneos.<\/p>\n<h3>Acesse aqui a publica\u00e7\u00e3o na \u00edntegra<\/h3>\n<p>\u2022 <a href=\"https:\/\/www.anamt.org.br\/portal\/wp-content\/uploads\/2019\/05\/procedimento_de_avalia\u00e7a_clinica_pcd.pdf\"><em>Procedimento de Avalia\u00e7\u00e3o Cl\u00ednica e Funcional da Pessoa com Defici\u00eancia (PcD) para o Trabalho<\/em><\/a><br \/>\n\u2022 <a href=\"https:\/\/www.anamt.org.br\/portal\/wp-content\/uploads\/2019\/05\/procedimento_de_avalia\u00e7a_clinica_pcd_anexoI.pdf\"><em>Anexo I<\/em><\/a><\/p>\n<p>A <a href=\"https:\/\/www.anamt.org.br\/portal\/conselho-tecnico\/\">Comiss\u00e3o T\u00e9cnica de Inclus\u00e3o &amp; Diversidade da ANAMT<\/a>, presidida pela Dra. Daniela Bortman, entrevistou as partes interessadas neste projeto para mapear as expectativas junto \u00e0 AMB, ao setor patronal e entre entidades que representam as pessoas com defici\u00eancia.<\/p>\n<p>De acordo com a M\u00e9dica do Trabalho e secret\u00e1ria da Comiss\u00e3o, Dra. Ana Cl\u00e1udia F\u00e1vero, foi realizada uma pesquisa entre as especialidades questionando as principais dificuldades na descri\u00e7\u00e3o das defici\u00eancias, utilizando os instrumentos j\u00e1 existentes, como a <em>Classifica\u00e7\u00e3o Internacional de Doen\u00e7as (CID)<\/em> e a <em>Classifica\u00e7\u00e3o Internacional de Funcionalidade, Incapacidade e Sa\u00fade (CIF)<\/em>. O Procedimento \u00e9 o resultado dessa an\u00e1lise.<\/p>\n<p>\u201cCom a utiliza\u00e7\u00e3o deste documento, os profissionais m\u00e9dicos ter\u00e3o seu conhecimento ampliado sobre o assunto, levando a uma melhor avalia\u00e7\u00e3o cl\u00ednica e funcional de um candidato-funcion\u00e1rio no momento de sua inser\u00e7\u00e3o no mercado profissional\u201d, observa.<\/p>\n<p>Com efeito, o p\u00fablico-alvo deste procedimento inclui m\u00e9dicos de diferentes especialidades, al\u00e9m dos M\u00e9dicos do Trabalho, e pode ser observado tamb\u00e9m por outros profissionais que, eventualmente, participem da Equipe multiprofissional de Avalia\u00e7\u00e3o Cl\u00ednica e Funcional da Pessoa com Defici\u00eancia (PcD) para o Trabalho, <a href=\"http:\/\/www.planalto.gov.br\/ccivil_03\/decreto\/d3298.htm\">estabelecida pelo Decreto N\u00ba 3.298\/99<\/a>.<\/p>\n<p>Os crit\u00e9rios para avalia\u00e7\u00e3o e classifica\u00e7\u00e3o das defici\u00eancias tamb\u00e9m devem ser usados para informar as PcD sobre sua condi\u00e7\u00e3o em rela\u00e7\u00e3o aos atuais requisitos legais, para que possam usufruir de benef\u00edcios, dentre eles o acesso a cotas de emprego, a redu\u00e7\u00e3o de impostos para a aquisi\u00e7\u00e3o de ve\u00edculos adaptados e a prefer\u00eancia no atendimento em estabelecimentos de servi\u00e7os.<\/p>\n<blockquote><p>O projeto foi apresentado para as sociedades de especialidades que comp\u00f5em o Conselho Cient\u00edfico da AMB e todas foram convidadas a contribuir com o projeto. Foram recebidos e considerados coment\u00e1rios e sugest\u00f5es encaminhados por:<\/p>\n<p>Academia Brasileira de Neurologia\/DC de Neuro-reabilita\u00e7\u00e3o;<br \/>\nAssocia\u00e7\u00e3o Brasileira de Hematologia, Hemoterapia e Terapia Celular \u2013 ABHH;<br \/>\nAssocia\u00e7\u00e3o Brasileira de Medicina F\u00edsica e Reabilita\u00e7\u00e3o \u2013 ABMFR;<br \/>\nAssocia\u00e7\u00e3o Brasileira de Medicina Legal e Per\u00edcias M\u00e9dicas \u2013 ABMLPM;<br \/>\nConselho Brasileiro de Oftalmologia \u2013 CBO;<br \/>\nSociedade Brasileira de Cardiologia \u2013 SBC;<br \/>\nSociedade Brasileira de Gen\u00e9tica M\u00e9dica \u2013 SBGM;<br \/>\nSociedade Brasileira de Medicina de Fam\u00edlia e Comunidade \u2013 SBMFC;<br \/>\nSociedade Brasileira de Oncologia Cl\u00ednica \u2013 SBOC;<br \/>\nSociedade Brasileira de Ortopedia e Traumatologia \u2013 SBOT;<br \/>\nSociedade Brasileira de Otorrinolaringologia \u2013 SOB;<br \/>\nSociedade Brasileira de Patologia Cl\u00ednica \u2013 SBPC;<br \/>\nMedicina Laboratorial e Sociedade Brasileira de Pediatria \u2013 SBP.<\/p><\/blockquote>\n<h3>17\u00ba Congresso Nacional<\/h3>\n<p>Na manh\u00e3 desta quinta-feira (16), o 17\u00ba Congresso Nacional da ANAMT recebeu o semin\u00e1rio \u201cA\u00e7\u00f5es Afirmativas para a Diversidade no Trabalho\u201d, que debateu as conquistas e desafios para a inclus\u00e3o no ambiente de trabalho, sobretudo para pessoas com defici\u00eancia.<\/p>\n<p>A atividade contou com a participa\u00e7\u00e3o Comiss\u00e3o T\u00e9cnica de Inclus\u00e3o &amp; Diversidade da ANAMT e o <em>Procedimento de Avalia\u00e7\u00e3o Cl\u00ednica e Funcional da Pessoa com Defici\u00eancia (PcD) para o Trabalho<\/em> foi um dos temas abordados. <a href=\"https:\/\/www.anamt.org.br\/portal\/2019\/05\/16\/17o-congresso-nacional-senadora-mara-gabrilli-debate-inclusao-no-trabalho\/\">Saiba mais aqui.<\/a><\/p>\n","protected":false},"excerpt":{"rendered":"<p>A avalia\u00e7\u00e3o da pessoa com defici\u00eancia (PcD) tendo em vista sua aptid\u00e3o a determinadas atividades \u00e9 um desafio multiprofissional. O papel do M\u00e9dico do Trabalho \u00e9 fundamental para tentar reduzir ao m\u00e1ximo barreiras que poderiam ser excludentes a esse grupo no mercado de trabalho. Por solicita\u00e7\u00e3o da Associa\u00e7\u00e3o M\u00e9dica Brasileira (AMB), a Associa\u00e7\u00e3o de Medicina [&hellip;]<\/p>\n","protected":false},"author":1,"featured_media":37141,"comment_status":"closed","ping_status":"closed","sticky":false,"template":"","format":"standard","meta":{"footnotes":""},"categories":[82],"tags":[],"_links":{"self":[{"href":"https:\/\/www.anamt.org.br\/portal\/wp-json\/wp\/v2\/posts\/37133"}],"collection":[{"href":"https:\/\/www.anamt.org.br\/portal\/wp-json\/wp\/v2\/posts"}],"about":[{"href":"https:\/\/www.anamt.org.br\/portal\/wp-json\/wp\/v2\/types\/post"}],"author":[{"embeddable":true,"href":"https:\/\/www.anamt.org.br\/portal\/wp-json\/wp\/v2\/users\/1"}],"replies":[{"embeddable":true,"href":"https:\/\/www.anamt.org.br\/portal\/wp-json\/wp\/v2\/comments?post=37133"}],"version-history":[{"count":0,"href":"https:\/\/www.anamt.org.br\/portal\/wp-json\/wp\/v2\/posts\/37133\/revisions"}],"wp:featuredmedia":[{"embeddable":true,"href":"https:\/\/www.anamt.org.br\/portal\/wp-json\/wp\/v2\/media\/37141"}],"wp:attachment":[{"href":"https:\/\/www.anamt.org.br\/portal\/wp-json\/wp\/v2\/media?parent=37133"}],"wp:term":[{"taxonomy":"category","embeddable":true,"href":"https:\/\/www.anamt.org.br\/portal\/wp-json\/wp\/v2\/categories?post=37133"},{"taxonomy":"post_tag","embeddable":true,"href":"https:\/\/www.anamt.org.br\/portal\/wp-json\/wp\/v2\/tags?post=37133"}],"curies":[{"name":"wp","href":"https:\/\/api.w.org\/{rel}","templated":true}]}}