{"id":37107,"date":"2019-05-16T10:59:57","date_gmt":"2019-05-16T13:59:57","guid":{"rendered":"https:\/\/www.anamt.org.br\/portal\/?p=37107"},"modified":"2019-05-16T13:16:05","modified_gmt":"2019-05-16T16:16:05","slug":"17o-congresso-anamt-impacto-das-tragedias-de-mariana-e-brumadinho","status":"publish","type":"post","link":"https:\/\/www.anamt.org.br\/portal\/2019\/05\/16\/17o-congresso-anamt-impacto-das-tragedias-de-mariana-e-brumadinho\/","title":{"rendered":"17\u00ba Congresso Nacional: impacto das trag\u00e9dias de Mariana e Brumadinho"},"content":{"rendered":"<p>No primeiro dia de atividades cient\u00edficas do 17\u00ba Congresso Nacional da ANAMT, uma das semiplen\u00e1rias teve como tema \u201cMariana e Brumadinho: a repercuss\u00e3o dos desastres do setor de minera\u00e7\u00e3o na sa\u00fade ambiental\u201d. A atividade analisou as possibilidades que estavam ao alcance da Vale para impedir a trag\u00e9dia, seus impactos na sa\u00fade das equipes de resgate e no meio ambiente da regi\u00e3o, bem como formas de prevenir que isso se repita.<\/p>\n<p>Com 35 anos de experi\u00eancia no setor de minera\u00e7\u00e3o, o Dr. Mario Parreiras de Faria \u2013 auditor M\u00e9dico do Trabalho e mestre em Sa\u00fade P\u00fablica pela Universidade Federal de Minas Gerais (UFMG) \u2013 alertou para o descaso da Vale com a seguran\u00e7a dos trabalhadores na mina C\u00f3rrego do Feij\u00e3o, em Brumadinho (MG).<\/p>\n<p>\u201cA barragem montante, como era a do C\u00f3rrego do Feij\u00e3o, \u00e9 o mais suscet\u00edvel a causar danos ambientais, causar acidentes de trabalho e tamb\u00e9m \u00e9 o mais barato. A barragem j\u00e1 tinha apresentado v\u00e1rios problemas. V\u00e1rias empresas consultadas alertaram \u00e0 Vale sobre a inseguran\u00e7a da barragem, mas suas an\u00e1lises foram dispensadas\u201d, alertou Dr. Mario.<\/p>\n<p>\u201cForam apresentadas formas de melhorar a seguran\u00e7a do C\u00f3rrego do Feij\u00e3o, mas a Vale escolheu justamente o pior m\u00e9todo apresentado, apesar dos alertas das empresas de consultoria de seguran\u00e7a. Uma empresa que se recusou a fazer a perfura\u00e7\u00e3o com \u00e1gua na barragem, que era o m\u00e9todo menos seguro, foi removida do projeto\u201d, revelou.<\/p>\n<p>O especialista discorreu ainda sobre os estudos do impacto do acidente de Brumadinho em toda a regi\u00e3o. Do ponto de vista ambiental, os rios da Bacia do Rio Doce passaram a apresentar n\u00edveis elevados de merc\u00fario, ars\u00eanio, n\u00edquel e chumbo, todos excedendo as diretrizes de qualidade da \u00e1gua na regi\u00e3o. Nas cidades vizinhas, houve um aumento tamb\u00e9m de problemas respirat\u00f3rios, o que aponta para a necessidade de um acompanhamento de longo prazo da sa\u00fade das popula\u00e7\u00f5es locais.<\/p>\n<p>Al\u00e9m disso, houve tamb\u00e9m um grande impacto socioecon\u00f4mico, com perda de moradia e a destrui\u00e7\u00e3o do provimento de milhares de pessoas que trabalhavam n\u00e3o s\u00f3 em atividades de minera\u00e7\u00e3o, mas ainda daqueles que tiveram planta\u00e7\u00f5es e animais impactados pelo rompimento. Como consequ\u00eancia, a regi\u00e3o local tem apresentado \u00edndices aumentados de suic\u00eddio, depress\u00e3o, uso de drogas, prostitui\u00e7\u00e3o e alcoolismo.<\/p>\n<p>\u201cPrecisamos discutir os par\u00e2metros do que estamos usando para dizer quer um local \u00e9 seguro para o trabalho na minera\u00e7\u00e3o, do contr\u00e1rio trag\u00e9dias como essa se repetir\u00e3o\u201d, disse Mario Parreiras. Tamb\u00e9m compuseram a mesa o Dr. Alexandre de Lima Santos, e a Dra. Claudia Marcia Silva Nahas.<\/p>\n","protected":false},"excerpt":{"rendered":"<p>No primeiro dia de atividades cient\u00edficas do 17\u00ba Congresso Nacional da ANAMT, uma das semiplen\u00e1rias teve como tema \u201cMariana e Brumadinho: a repercuss\u00e3o dos desastres do setor de minera\u00e7\u00e3o na sa\u00fade ambiental\u201d. A atividade analisou as possibilidades que estavam ao alcance da Vale para impedir a trag\u00e9dia, seus impactos na sa\u00fade das equipes de resgate [&hellip;]<\/p>\n","protected":false},"author":1,"featured_media":35866,"comment_status":"closed","ping_status":"closed","sticky":false,"template":"","format":"standard","meta":{"footnotes":""},"categories":[78],"tags":[],"_links":{"self":[{"href":"https:\/\/www.anamt.org.br\/portal\/wp-json\/wp\/v2\/posts\/37107"}],"collection":[{"href":"https:\/\/www.anamt.org.br\/portal\/wp-json\/wp\/v2\/posts"}],"about":[{"href":"https:\/\/www.anamt.org.br\/portal\/wp-json\/wp\/v2\/types\/post"}],"author":[{"embeddable":true,"href":"https:\/\/www.anamt.org.br\/portal\/wp-json\/wp\/v2\/users\/1"}],"replies":[{"embeddable":true,"href":"https:\/\/www.anamt.org.br\/portal\/wp-json\/wp\/v2\/comments?post=37107"}],"version-history":[{"count":0,"href":"https:\/\/www.anamt.org.br\/portal\/wp-json\/wp\/v2\/posts\/37107\/revisions"}],"wp:featuredmedia":[{"embeddable":true,"href":"https:\/\/www.anamt.org.br\/portal\/wp-json\/wp\/v2\/media\/35866"}],"wp:attachment":[{"href":"https:\/\/www.anamt.org.br\/portal\/wp-json\/wp\/v2\/media?parent=37107"}],"wp:term":[{"taxonomy":"category","embeddable":true,"href":"https:\/\/www.anamt.org.br\/portal\/wp-json\/wp\/v2\/categories?post=37107"},{"taxonomy":"post_tag","embeddable":true,"href":"https:\/\/www.anamt.org.br\/portal\/wp-json\/wp\/v2\/tags?post=37107"}],"curies":[{"name":"wp","href":"https:\/\/api.w.org\/{rel}","templated":true}]}}