{"id":37104,"date":"2019-05-16T10:55:55","date_gmt":"2019-05-16T13:55:55","guid":{"rendered":"https:\/\/www.anamt.org.br\/portal\/?p=37104"},"modified":"2019-05-16T10:55:55","modified_gmt":"2019-05-16T13:55:55","slug":"futuro-do-trabalho-e-tema-de-conferencia-no-17o-congresso-nacional","status":"publish","type":"post","link":"https:\/\/www.anamt.org.br\/portal\/2019\/05\/16\/futuro-do-trabalho-e-tema-de-conferencia-no-17o-congresso-nacional\/","title":{"rendered":"Futuro do Trabalho \u00e9 tema de confer\u00eancia no 17\u00ba Congresso Nacional"},"content":{"rendered":"<p>O primeiro dia do 17\u00ba Congresso Nacional da ANAMT teve in\u00edcio com a Confer\u00eancia O Futuro do Trabalho &#8211; Os Desafios do S\u00e9culo XXI para a Sa\u00fade dos Trabalhadores e os M\u00e9dicos do Trabalho com a Dra. La\u00eds Abramo, diretora da Divis\u00e3o de Desenvolvimento Social da Comiss\u00e3o Econ\u00f4mica para a Am\u00e9rica Latina e o Caribe (Cepal). Em sua apresenta\u00e7\u00e3o, ela refletiu sobre o conceito de futuro do trabalho para al\u00e9m das transforma\u00e7\u00f5es tecnol\u00f3gicas, como crescimento da popula\u00e7\u00e3o idosa na Am\u00e9rica Latina, m\u00e1 nutri\u00e7\u00e3o, impacto das mudan\u00e7as clim\u00e1ticas no aumento dos desastres naturais e import\u00e2ncia da inclus\u00e3o da sustentabilidade nesse contexto.<\/p>\n<p>A palestrante destacou que h\u00e1 riscos e oportunidades, como substitui\u00e7\u00e3o de trabalhos rotineiros por atividades mais criativas e crescimento da informalidade. Dra. La\u00eds tamb\u00e9m enumerou os poss\u00edveis impactos em recortes de g\u00eanero, escolaridade, ra\u00e7a e idade, com piores perspectivas entre mulheres, negros e ind\u00edgenas, pessoas com menos tempo de estudo, al\u00e9m de jovens e pessoas mais idosas.<\/p>\n<p>Para auxiliar a enfrentar essas perspectivas, ela enumerou sugest\u00f5es como consolidar pisos de prote\u00e7\u00e3o social de sa\u00fade e seguran\u00e7a b\u00e1sica de renda, fortalecer instrumentos para ampliar a cobertura de prote\u00e7\u00e3o social e promover o trabalho decente nas empresas. Para os trabalhadores sem assist\u00eancia de m\u00e9dicos do trabalho nas empresas, Dra. La\u00eds destacou que o olhar desses profissionais tamb\u00e9m deve estar no atendimento p\u00fablico, para identificar eventuais doen\u00e7as relacionadas ao trabalho.<\/p>\n","protected":false},"excerpt":{"rendered":"<p>O primeiro dia do 17\u00ba Congresso Nacional da ANAMT teve in\u00edcio com a Confer\u00eancia O Futuro do Trabalho &#8211; Os Desafios do S\u00e9culo XXI para a Sa\u00fade dos Trabalhadores e os M\u00e9dicos do Trabalho com a Dra. La\u00eds Abramo, diretora da Divis\u00e3o de Desenvolvimento Social da Comiss\u00e3o Econ\u00f4mica para a Am\u00e9rica Latina e o Caribe [&hellip;]<\/p>\n","protected":false},"author":1,"featured_media":37105,"comment_status":"closed","ping_status":"closed","sticky":false,"template":"","format":"standard","meta":{"footnotes":""},"categories":[78],"tags":[],"_links":{"self":[{"href":"https:\/\/www.anamt.org.br\/portal\/wp-json\/wp\/v2\/posts\/37104"}],"collection":[{"href":"https:\/\/www.anamt.org.br\/portal\/wp-json\/wp\/v2\/posts"}],"about":[{"href":"https:\/\/www.anamt.org.br\/portal\/wp-json\/wp\/v2\/types\/post"}],"author":[{"embeddable":true,"href":"https:\/\/www.anamt.org.br\/portal\/wp-json\/wp\/v2\/users\/1"}],"replies":[{"embeddable":true,"href":"https:\/\/www.anamt.org.br\/portal\/wp-json\/wp\/v2\/comments?post=37104"}],"version-history":[{"count":0,"href":"https:\/\/www.anamt.org.br\/portal\/wp-json\/wp\/v2\/posts\/37104\/revisions"}],"wp:featuredmedia":[{"embeddable":true,"href":"https:\/\/www.anamt.org.br\/portal\/wp-json\/wp\/v2\/media\/37105"}],"wp:attachment":[{"href":"https:\/\/www.anamt.org.br\/portal\/wp-json\/wp\/v2\/media?parent=37104"}],"wp:term":[{"taxonomy":"category","embeddable":true,"href":"https:\/\/www.anamt.org.br\/portal\/wp-json\/wp\/v2\/categories?post=37104"},{"taxonomy":"post_tag","embeddable":true,"href":"https:\/\/www.anamt.org.br\/portal\/wp-json\/wp\/v2\/tags?post=37104"}],"curies":[{"name":"wp","href":"https:\/\/api.w.org\/{rel}","templated":true}]}}