{"id":37088,"date":"2019-05-15T23:30:51","date_gmt":"2019-05-16T02:30:51","guid":{"rendered":"https:\/\/www.anamt.org.br\/portal\/?p=37088"},"modified":"2019-05-16T10:39:11","modified_gmt":"2019-05-16T13:39:11","slug":"17o-congresso-nacional-palestra-de-abertura-aborda-desafios-da-especialidade","status":"publish","type":"post","link":"https:\/\/www.anamt.org.br\/portal\/2019\/05\/15\/17o-congresso-nacional-palestra-de-abertura-aborda-desafios-da-especialidade\/","title":{"rendered":"17\u00ba Congresso Nacional: palestra de abertura aborda desafios da especialidade"},"content":{"rendered":"<p><img decoding=\"async\" class=\"aligncenter wp-image-37092 size-full\" src=\"https:\/\/www.anamt.org.br\/portal\/wp-content\/uploads\/2019\/05\/17_CONGRESSO_ABERTURA_640X425.jpg\" alt=\"\" width=\"640\" height=\"425\" srcset=\"https:\/\/www.anamt.org.br\/portal\/wp-content\/uploads\/2019\/05\/17_CONGRESSO_ABERTURA_640X425-200x133.jpg 200w, https:\/\/www.anamt.org.br\/portal\/wp-content\/uploads\/2019\/05\/17_CONGRESSO_ABERTURA_640X425-300x199.jpg 300w, https:\/\/www.anamt.org.br\/portal\/wp-content\/uploads\/2019\/05\/17_CONGRESSO_ABERTURA_640X425-400x266.jpg 400w, https:\/\/www.anamt.org.br\/portal\/wp-content\/uploads\/2019\/05\/17_CONGRESSO_ABERTURA_640X425-600x398.jpg 600w, https:\/\/www.anamt.org.br\/portal\/wp-content\/uploads\/2019\/05\/17_CONGRESSO_ABERTURA_640X425.jpg 640w\" sizes=\"(max-width: 640px) 100vw, 640px\" \/><\/p>\n<p>A Associa\u00e7\u00e3o Nacional de Medicina do Trabalho (ANAMT) iniciou oficialmente seu 17\u00ba Congresso Nacional na noite desta quarta-feira, em Bras\u00edlia (DF). Com o tema &#8220;Valores Essenciais Frente \u00e0s Transforma\u00e7\u00f5es do Trabalho: Hoje e Amanh\u00e3&#8221;, a palestra de abertura do evento abordou os desafios da especialidade nos pr\u00f3ximos anos diante de uma popula\u00e7\u00e3o ativa impactada pela baixa empregabilidade, flexibiliza\u00e7\u00e3o de direitos e informaliza\u00e7\u00e3o do mercado de trabalho.<\/p>\n<p>Em seu discurso, a presidente da associa\u00e7\u00e3o, Dra. Marcia Bandini, abordou os avan\u00e7os institucionais conquistados nos \u00faltimos tr\u00eas anos, em especial a aproxima\u00e7\u00e3o com entidades estrat\u00e9gicas como o Conselho Federal de Medicina, Associa\u00e7\u00e3o M\u00e9dica Brasileira, no comit\u00ea gestor do Programa Trabalho Seguro e a defesa do banimento do amianto no Supremo Tribunal Federal.<\/p>\n<p>Bandini tamb\u00e9m ponderou sobre o futuro da especialidade e o papel transformador do M\u00e9dico do Trabalho na sociedade. \u201cN\u00e3o ser\u00e1 f\u00e1cil enfrentar a realidade brasileira nos pr\u00f3ximos anos, especialmente em um cen\u00e1rio em que o trabalhador brasileiro fica cada vez mais exposto. \u00c9 por isso que estamos reunidos aqui, porque podemos e precisamos ser agentes de transforma\u00e7\u00e3o, de promo\u00e7\u00e3o de um trabalho que n\u00e3o seja adoecedor, que seja digno e saud\u00e1vel para todos\u201d.<\/p>\n<p>Tamb\u00e9m participaram da mesa de abertura do Congresso a ministra do Tribunal Superior do Trabalho, Dela\u00edde Miranda Arantes, a coordenadora-geral de Sa\u00fade do Trabalhador do Departamento de Vigil\u00e2ncia em Sa\u00fade Ambiental e Sa\u00fade do Trabalhador do Minist\u00e9rio da Sa\u00fade, Karla Freire Ba\u00eata, o presidente do Conselho Nacional de Sa\u00fade, Fernando Pigatto, a integrante do board ICOH 2018-2021 e editora da Revista Brasileira de Medicina do Trabalho (RBMT), Frida Fischer, a diretora Cient\u00edfica da ANAMT, Elizabeth Dias, a presidente da Associa\u00e7\u00e3o Brasiliense de Medicina do Trabalho, Rosylane Rocha, o presidente da Associa\u00e7\u00e3o M\u00e9dica de Bras\u00edlia, Ognev Cosac, e o diretor da Organiza\u00e7\u00e3o Internacional do Trabalho no Brasil, Martin Hahn.<\/p>\n<h3>Homenagem \u00e0 Dra. Marcelle Cangussu<\/h3>\n<p>Durante a abertura, a Dra. Marcelle Cangussu foi homenageada. M\u00e9dica do Trabalho, ela foi a primeira v\u00edtima identificada da trag\u00e9dia de Brumadinho (MG), quando uma barragem da Vale se rompeu. A homenagem da ANAMT foi entregue \u00e0 m\u00e3e da Dra. Marcelle, Mirelle Porto, pela presidente da Associa\u00e7\u00e3o Mineira de Medicina do Trabalho, Walneia Moreira.<\/p>\n","protected":false},"excerpt":{"rendered":"<p>A Associa\u00e7\u00e3o Nacional de Medicina do Trabalho (ANAMT) iniciou oficialmente seu 17\u00ba Congresso Nacional na noite desta quarta-feira, em Bras\u00edlia (DF). Com o tema &#8220;Valores Essenciais Frente \u00e0s Transforma\u00e7\u00f5es do Trabalho: Hoje e Amanh\u00e3&#8221;, a palestra de abertura do evento abordou os desafios da especialidade nos pr\u00f3ximos anos diante de uma popula\u00e7\u00e3o ativa impactada pela [&hellip;]<\/p>\n","protected":false},"author":1,"featured_media":37093,"comment_status":"closed","ping_status":"closed","sticky":false,"template":"","format":"standard","meta":{"footnotes":""},"categories":[78],"tags":[],"_links":{"self":[{"href":"https:\/\/www.anamt.org.br\/portal\/wp-json\/wp\/v2\/posts\/37088"}],"collection":[{"href":"https:\/\/www.anamt.org.br\/portal\/wp-json\/wp\/v2\/posts"}],"about":[{"href":"https:\/\/www.anamt.org.br\/portal\/wp-json\/wp\/v2\/types\/post"}],"author":[{"embeddable":true,"href":"https:\/\/www.anamt.org.br\/portal\/wp-json\/wp\/v2\/users\/1"}],"replies":[{"embeddable":true,"href":"https:\/\/www.anamt.org.br\/portal\/wp-json\/wp\/v2\/comments?post=37088"}],"version-history":[{"count":0,"href":"https:\/\/www.anamt.org.br\/portal\/wp-json\/wp\/v2\/posts\/37088\/revisions"}],"wp:featuredmedia":[{"embeddable":true,"href":"https:\/\/www.anamt.org.br\/portal\/wp-json\/wp\/v2\/media\/37093"}],"wp:attachment":[{"href":"https:\/\/www.anamt.org.br\/portal\/wp-json\/wp\/v2\/media?parent=37088"}],"wp:term":[{"taxonomy":"category","embeddable":true,"href":"https:\/\/www.anamt.org.br\/portal\/wp-json\/wp\/v2\/categories?post=37088"},{"taxonomy":"post_tag","embeddable":true,"href":"https:\/\/www.anamt.org.br\/portal\/wp-json\/wp\/v2\/tags?post=37088"}],"curies":[{"name":"wp","href":"https:\/\/api.w.org\/{rel}","templated":true}]}}