{"id":37084,"date":"2019-05-15T18:03:53","date_gmt":"2019-05-15T21:03:53","guid":{"rendered":"https:\/\/www.anamt.org.br\/portal\/?p=37084"},"modified":"2019-05-16T10:44:49","modified_gmt":"2019-05-16T13:44:49","slug":"pcmso-esocial-e-pericias-sao-tratados-nos-cursos-pre-congresso-do-17o-congresso-anamt","status":"publish","type":"post","link":"https:\/\/www.anamt.org.br\/portal\/2019\/05\/15\/pcmso-esocial-e-pericias-sao-tratados-nos-cursos-pre-congresso-do-17o-congresso-anamt\/","title":{"rendered":"17\u00ba Congresso Nacional: PCMSO, eSocial e Per\u00edcias abordados em cursos"},"content":{"rendered":"<p><img decoding=\"async\" class=\"wp-image-37096 size-full aligncenter\" src=\"https:\/\/www.anamt.org.br\/portal\/wp-content\/uploads\/2019\/05\/17_CONGRESSO_CURSOPRE_640X425.jpg\" alt=\"\" width=\"640\" height=\"425\" srcset=\"https:\/\/www.anamt.org.br\/portal\/wp-content\/uploads\/2019\/05\/17_CONGRESSO_CURSOPRE_640X425-200x133.jpg 200w, https:\/\/www.anamt.org.br\/portal\/wp-content\/uploads\/2019\/05\/17_CONGRESSO_CURSOPRE_640X425-300x199.jpg 300w, https:\/\/www.anamt.org.br\/portal\/wp-content\/uploads\/2019\/05\/17_CONGRESSO_CURSOPRE_640X425-400x266.jpg 400w, https:\/\/www.anamt.org.br\/portal\/wp-content\/uploads\/2019\/05\/17_CONGRESSO_CURSOPRE_640X425-600x398.jpg 600w, https:\/\/www.anamt.org.br\/portal\/wp-content\/uploads\/2019\/05\/17_CONGRESSO_CURSOPRE_640X425.jpg 640w\" sizes=\"(max-width: 640px) 100vw, 640px\" \/><\/p>\n<p>A programa\u00e7\u00e3o cient\u00edfica do 17\u00ba Congresso Nacional da ANAMT teve in\u00edcio com os cursos pr\u00e9-congresso sobre diversos aspectos da especialidade. Entre eles, Dr. Jos\u00e9 Buschinelli ministrou a atividade sobre Avalia\u00e7\u00e3o de Riscos Ocupacionais\/Ambientais para a Sa\u00fade dos Trabalhadores, coordenado pelo Dr. Gilmar Trivelato. Ele tratou dos par\u00e2metros da toxicologia, componentes mais t\u00f3xicos e diferen\u00e7as de casos de adoecimento entre a popula\u00e7\u00e3o trabalhadora e o p\u00fablico em geral. O palestrante tamb\u00e9m listou indicadores adotados no Brasil e outros pa\u00edses, como o REL, da NIOSH, recomendo pelo Minist\u00e9rio da Sa\u00fade.<\/p>\n<p>O diretor administrativo adjunto da ANAMT, Dr. Fernando Mariya, lecionou o curso Como Elaborar um Programa de Controle M\u00e9dico de Sa\u00fade Ocupacional (PCMSO) para a Gest\u00e3o de Sa\u00fade do Trabalhador, coordenado pela presidente da ANAMT, Dra. Marcia Bandini. Dr. Fernando apresentou a experi\u00eancia de programas desse tipo adotado em uma empresa, com iniciativas voltadas para a melhoria da sa\u00fade dos trabalhadores, como conscientiza\u00e7\u00e3o sobre a import\u00e2ncia de pr\u00e1tica de atividades f\u00edsicas e alimenta\u00e7\u00e3o saud\u00e1vel. Al\u00e9m de oferecer benef\u00edcios como inscri\u00e7\u00e3o em academia, o palestrante ressaltou a import\u00e2ncia de incentivar o grupo a usufruir dos benef\u00edcios, com divulga\u00e7\u00e3o interna, avalia\u00e7\u00e3o dos resultados e reavalia\u00e7\u00e3o constante dos pontos que devem ser abrangidos no programa.<\/p>\n<p>Ele tamb\u00e9m abordou os potenciais agravos \u00e0 sa\u00fade relacionados ao trabalho, avalia\u00e7\u00e3o dos riscos relacionados ao trabalho, algoritmos de investiga\u00e7\u00e3o, an\u00e1lise cr\u00edtica dos resultados e a\u00e7\u00f5es para a melhoria cont\u00ednua.<\/p>\n<p>Plataforma para envio de informa\u00e7\u00f5es trabalhistas e previdenci\u00e1rias dos trabalhadores, o eSocial foi abordado no curso pr\u00e9-congresso do Dr. Claudio Patrus. Ele explicou a estrutura do sistema, eventos de sa\u00fade e seguran\u00e7a do trabalho que devem ser cadastrados, intera\u00e7\u00e3o entre os campos, como identificar os requisitos vulner\u00e1veis em SST e principais desafios do eSocial.<\/p>\n<p>J\u00e1 em vigor para empresas com maior faturamento e em fase inicial para as demais, o eSocial muda caracter\u00edsticas de documentos da \u00e1rea de SST, como o PPRA e o PCMSO. Segundo o palestrante, ambos passam a ser din\u00e2micos, com altera\u00e7\u00f5es a cada mudan\u00e7a de cargo ou periculosidade nas atividades dos trabalhadores, j\u00e1 que outras informa\u00e7\u00f5es alteradas tamb\u00e9m s\u00e3o cadastradas na plataforma.<\/p>\n<p>Dr. Patrus tamb\u00e9m ressaltou que a divis\u00e3o adequada dos cargos tamb\u00e9m \u00e9 fundamental para enumerar adequadamente os riscos de cada classifica\u00e7\u00e3o. Desafios da implementa\u00e7\u00e3o do eSocial, como envio das informa\u00e7\u00f5es nos prazos definidos pelos \u00f3rg\u00e3os p\u00fablicos e mudan\u00e7as de pr\u00e1ticas comuns nas empresas, como gestantes se afastarem por licen\u00e7a maternidade e tirarem f\u00e9rias em sequ\u00eancia foram mencionadas.<\/p>\n<p>Al\u00e9m desses temas, os cursos pr\u00e9-congresso do Congresso abordaram Atualiza\u00e7\u00e3o dos Transtornos Musculoesquel\u00e9ticos e o Trabalho, Atualiza\u00e7\u00e3o em Medicina Legal e Per\u00edcia M\u00e9dica em Per\u00edcia M\u00e9dica Judicial de Agravos \u00e0 Sa\u00fade Relacionadas ao Trabalho, Desenhando um plano integrado para um ambiente de trabalho saud\u00e1vel, Gerenciamento de Crise \u2013 O M\u00e9dico do Trabalho como Mediador de Conflitos, Pontos B\u00e1sicos para a Pr\u00e1tica Efetiva da Ergonomia no Brasil nos Tempos Atuais, Sa\u00fade Mental nas Organiza\u00e7\u00f5es e Semiologia aplicada \u00e0 Medicina do Trabalho.<\/p>\n","protected":false},"excerpt":{"rendered":"<p>A programa\u00e7\u00e3o cient\u00edfica do 17\u00ba Congresso Nacional da ANAMT teve in\u00edcio com os cursos pr\u00e9-congresso sobre diversos aspectos da especialidade. Entre eles, Dr. Jos\u00e9 Buschinelli ministrou a atividade sobre Avalia\u00e7\u00e3o de Riscos Ocupacionais\/Ambientais para a Sa\u00fade dos Trabalhadores, coordenado pelo Dr. Gilmar Trivelato. Ele tratou dos par\u00e2metros da toxicologia, componentes mais t\u00f3xicos e diferen\u00e7as de [&hellip;]<\/p>\n","protected":false},"author":1,"featured_media":37098,"comment_status":"closed","ping_status":"closed","sticky":false,"template":"","format":"standard","meta":{"footnotes":""},"categories":[78],"tags":[],"_links":{"self":[{"href":"https:\/\/www.anamt.org.br\/portal\/wp-json\/wp\/v2\/posts\/37084"}],"collection":[{"href":"https:\/\/www.anamt.org.br\/portal\/wp-json\/wp\/v2\/posts"}],"about":[{"href":"https:\/\/www.anamt.org.br\/portal\/wp-json\/wp\/v2\/types\/post"}],"author":[{"embeddable":true,"href":"https:\/\/www.anamt.org.br\/portal\/wp-json\/wp\/v2\/users\/1"}],"replies":[{"embeddable":true,"href":"https:\/\/www.anamt.org.br\/portal\/wp-json\/wp\/v2\/comments?post=37084"}],"version-history":[{"count":0,"href":"https:\/\/www.anamt.org.br\/portal\/wp-json\/wp\/v2\/posts\/37084\/revisions"}],"wp:featuredmedia":[{"embeddable":true,"href":"https:\/\/www.anamt.org.br\/portal\/wp-json\/wp\/v2\/media\/37098"}],"wp:attachment":[{"href":"https:\/\/www.anamt.org.br\/portal\/wp-json\/wp\/v2\/media?parent=37084"}],"wp:term":[{"taxonomy":"category","embeddable":true,"href":"https:\/\/www.anamt.org.br\/portal\/wp-json\/wp\/v2\/categories?post=37084"},{"taxonomy":"post_tag","embeddable":true,"href":"https:\/\/www.anamt.org.br\/portal\/wp-json\/wp\/v2\/tags?post=37084"}],"curies":[{"name":"wp","href":"https:\/\/api.w.org\/{rel}","templated":true}]}}