{"id":37079,"date":"2019-05-15T16:11:04","date_gmt":"2019-05-15T19:11:04","guid":{"rendered":"https:\/\/www.anamt.org.br\/portal\/?p=37079"},"modified":"2019-05-16T10:49:30","modified_gmt":"2019-05-16T13:49:30","slug":"congresso-anamt-2019-oficina-com-ministerio-da-saude-e-opas-debate-a-qualificacao-da-atencao-primaria-ao-saude-do-trabalhador","status":"publish","type":"post","link":"https:\/\/www.anamt.org.br\/portal\/2019\/05\/15\/congresso-anamt-2019-oficina-com-ministerio-da-saude-e-opas-debate-a-qualificacao-da-atencao-primaria-ao-saude-do-trabalhador\/","title":{"rendered":"17\u00ba Congresso Nacional: oficina debate aten\u00e7\u00e3o prim\u00e1ria \u00e0 sa\u00fade"},"content":{"rendered":"<p><img decoding=\"async\" class=\"aligncenter wp-image-37101 size-full\" src=\"https:\/\/www.anamt.org.br\/portal\/wp-content\/uploads\/2019\/05\/17_CONGRESSO_OFICINAPRIMARIA_640X425.jpg\" alt=\"\" width=\"640\" height=\"425\" srcset=\"https:\/\/www.anamt.org.br\/portal\/wp-content\/uploads\/2019\/05\/17_CONGRESSO_OFICINAPRIMARIA_640X425-200x133.jpg 200w, https:\/\/www.anamt.org.br\/portal\/wp-content\/uploads\/2019\/05\/17_CONGRESSO_OFICINAPRIMARIA_640X425-300x199.jpg 300w, https:\/\/www.anamt.org.br\/portal\/wp-content\/uploads\/2019\/05\/17_CONGRESSO_OFICINAPRIMARIA_640X425-400x266.jpg 400w, https:\/\/www.anamt.org.br\/portal\/wp-content\/uploads\/2019\/05\/17_CONGRESSO_OFICINAPRIMARIA_640X425-600x398.jpg 600w, https:\/\/www.anamt.org.br\/portal\/wp-content\/uploads\/2019\/05\/17_CONGRESSO_OFICINAPRIMARIA_640X425.jpg 640w\" sizes=\"(max-width: 640px) 100vw, 640px\" \/><\/p>\n<p>A ANAMT iniciou, nesta quarta-feira (15), o seu 17\u00ba Congresso Nacional, em Bras\u00edlia (DF). E uma das realiza\u00e7\u00f5es mais importantes do evento foi a oficina de trabalho \u201cA Sa\u00fade do Trabalhador na aten\u00e7\u00e3o prim\u00e1ria: na busca da qualifica\u00e7\u00e3o e da integralidade no cuidado\u201d. A a\u00e7\u00e3o foi promovida pela ANAMT em parceria com o Minist\u00e9rio da Sa\u00fade e com a Organiza\u00e7\u00e3o Pan-Americana de Sa\u00fade (OPAS).<\/p>\n<p>O objetivo da oficina era debater o papel dos Centros de Refer\u00eancia em Sa\u00fade do Trabalhador (CEREST) na qualifica\u00e7\u00e3o dos servi\u00e7os de aten\u00e7\u00e3o b\u00e1sica no atendimento ao trabalhador, identificando a rela\u00e7\u00e3o entre a condi\u00e7\u00e3o do paciente e sua ocupa\u00e7\u00e3o. A partir deste di\u00e1logo, a expectativa \u00e9 estabelecer linhas e diretrizes para desenvolver e aplicar a\u00e7\u00f5es ligadas \u00e0 Pol\u00edtica Nacional de Sa\u00fade do Trabalhador e Trabalhadora, bem como \u00e0 Pol\u00edtica Nacional de Aten\u00e7\u00e3o B\u00e1sica.<\/p>\n<p>Foram discutidas experi\u00eancias em diferentes regi\u00f5es do pa\u00eds &#8211; como contribui\u00e7\u00f5es em Sa\u00fade da Fam\u00edlia para o fortalecimento de a\u00e7\u00f5es voltadas \u00e0 sa\u00fade do trabalhador, atendimento para casos de exposi\u00e7\u00e3o \u00e0 s\u00edlica e o apoio t\u00e9cnico e pedag\u00f3gico \u00e0s equipes de aten\u00e7\u00e3o b\u00e1sica para o desenvolvimento de a\u00e7\u00f5es voltadas ao trabalhador.<\/p>\n<p>\u201cAs a\u00e7\u00f5es dos servi\u00e7os de sa\u00fade devem ser trabalhadas de forma integral e integrada para que os atores da \u00e1rea de sa\u00fade \u2013 seja ele quem est\u00e1 na aten\u00e7\u00e3o b\u00e1sica ou no CEREST \u2013 seja capaz de ver os problemas do territ\u00f3rio e identificar suas demandas reais\u201d, explica Karla Freire Ba\u00eata, coordenadora-geral de Sa\u00fade do Trabalhador do Departamento de Vigil\u00e2ncia em Sa\u00fade Ambiental e Sa\u00fade do Trabalhador do Minist\u00e9rio da Sa\u00fade. \u201cA sa\u00fade precisa responder \u00e0s demandas reais do territ\u00f3rio, por isso esta oficina tem o car\u00e1ter de aplicar na pr\u00e1tica a Pol\u00edtica Nacional de Sa\u00fade do Trabalhador e Trabalhadora, bem como a Pol\u00edtica Nacional de Aten\u00e7\u00e3o B\u00e1sica. Queremos ter linhas e diretrizes para efetivamente trabalhar esses pontos\u201d.<\/p>\n<p>De acordo com Nereu Henrique Mansano, assessor t\u00e9cnico do Conselho Nacional de Secret\u00e1rios de Sa\u00fade (CONASS), o suporte dos CERESTs \u00e0s equipes de aten\u00e7\u00e3o b\u00e1sica \u00e9 fundamental. \u201cA vis\u00e3o do sa\u00fade do trabalhador precisa estar presente na aten\u00e7\u00e3o prim\u00e1ria, j\u00e1 que estes trabalhadores est\u00e3o sendo atendidos majoritariamente no Sistema \u00danico de Sa\u00fade (SUS). A oficina est\u00e1 sendo uma forma muito interessante de difundir experi\u00eancias bem-sucedidas e interessantes\u201d.<\/p>\n<p>\u201cOs servi\u00e7os de aten\u00e7\u00e3o b\u00e1sica t\u00eam muita capilaridade\u201d, ressalta Prof\u00aa Elizabeth Dias, diretora Cient\u00edfica da ANAMT. \u201cEstes servi\u00e7os est\u00e3o pr\u00f3ximos dos trabalhadores e dos locais onde eles trabalham, por isso prepar\u00e1-los \u00e9 important\u00edssimo para dar aten\u00e7\u00e3o integral ao trabalhador\u201d. Ela tamb\u00e9m celebrou a dimens\u00e3o que o debate tomou em rela\u00e7\u00e3o \u00e0 oficina que teve o mesmo tema, h\u00e1 tr\u00eas anos. \u201cNossa primeira oficina sobre o tema foi no Congresso da ANAMT em Foz do Igua\u00e7u, em 2016, e neste evento dobramos o n\u00famero de participantes para este debate. Isso \u00e9 um indicador importante para n\u00f3s, pois mostra que estamos tratando de um ponto relevante e ao qual o poder p\u00fablico est\u00e1 atento\u201d.<\/p>\n","protected":false},"excerpt":{"rendered":"<p>A ANAMT iniciou, nesta quarta-feira (15), o seu 17\u00ba Congresso Nacional, em Bras\u00edlia (DF). E uma das realiza\u00e7\u00f5es mais importantes do evento foi a oficina de trabalho \u201cA Sa\u00fade do Trabalhador na aten\u00e7\u00e3o prim\u00e1ria: na busca da qualifica\u00e7\u00e3o e da integralidade no cuidado\u201d. A a\u00e7\u00e3o foi promovida pela ANAMT em parceria com o Minist\u00e9rio da [&hellip;]<\/p>\n","protected":false},"author":1,"featured_media":37100,"comment_status":"closed","ping_status":"closed","sticky":false,"template":"","format":"standard","meta":{"footnotes":""},"categories":[78],"tags":[],"_links":{"self":[{"href":"https:\/\/www.anamt.org.br\/portal\/wp-json\/wp\/v2\/posts\/37079"}],"collection":[{"href":"https:\/\/www.anamt.org.br\/portal\/wp-json\/wp\/v2\/posts"}],"about":[{"href":"https:\/\/www.anamt.org.br\/portal\/wp-json\/wp\/v2\/types\/post"}],"author":[{"embeddable":true,"href":"https:\/\/www.anamt.org.br\/portal\/wp-json\/wp\/v2\/users\/1"}],"replies":[{"embeddable":true,"href":"https:\/\/www.anamt.org.br\/portal\/wp-json\/wp\/v2\/comments?post=37079"}],"version-history":[{"count":0,"href":"https:\/\/www.anamt.org.br\/portal\/wp-json\/wp\/v2\/posts\/37079\/revisions"}],"wp:featuredmedia":[{"embeddable":true,"href":"https:\/\/www.anamt.org.br\/portal\/wp-json\/wp\/v2\/media\/37100"}],"wp:attachment":[{"href":"https:\/\/www.anamt.org.br\/portal\/wp-json\/wp\/v2\/media?parent=37079"}],"wp:term":[{"taxonomy":"category","embeddable":true,"href":"https:\/\/www.anamt.org.br\/portal\/wp-json\/wp\/v2\/categories?post=37079"},{"taxonomy":"post_tag","embeddable":true,"href":"https:\/\/www.anamt.org.br\/portal\/wp-json\/wp\/v2\/tags?post=37079"}],"curies":[{"name":"wp","href":"https:\/\/api.w.org\/{rel}","templated":true}]}}