{"id":37058,"date":"2019-05-13T16:07:17","date_gmt":"2019-05-13T19:07:17","guid":{"rendered":"https:\/\/www.anamt.org.br\/portal\/?p=37058"},"modified":"2019-05-13T16:17:18","modified_gmt":"2019-05-13T19:17:18","slug":"17o-congresso-nacional-acompanhe-a-programacao-pelo-seu-smartphone","status":"publish","type":"post","link":"https:\/\/www.anamt.org.br\/portal\/2019\/05\/13\/17o-congresso-nacional-acompanhe-a-programacao-pelo-seu-smartphone\/","title":{"rendered":"17\u00ba Congresso Nacional: acompanhe a programa\u00e7\u00e3o pelo seu smartphone"},"content":{"rendered":"<p><img decoding=\"async\" class=\"aligncenter wp-image-37059 size-full\" src=\"https:\/\/www.anamt.org.br\/portal\/wp-content\/uploads\/2019\/05\/congresso_anamt_app_640.jpg\" alt=\"\" width=\"640\" height=\"480\" srcset=\"https:\/\/www.anamt.org.br\/portal\/wp-content\/uploads\/2019\/05\/congresso_anamt_app_640-200x150.jpg 200w, https:\/\/www.anamt.org.br\/portal\/wp-content\/uploads\/2019\/05\/congresso_anamt_app_640-300x225.jpg 300w, https:\/\/www.anamt.org.br\/portal\/wp-content\/uploads\/2019\/05\/congresso_anamt_app_640-400x300.jpg 400w, https:\/\/www.anamt.org.br\/portal\/wp-content\/uploads\/2019\/05\/congresso_anamt_app_640-600x450.jpg 600w, https:\/\/www.anamt.org.br\/portal\/wp-content\/uploads\/2019\/05\/congresso_anamt_app_640.jpg 640w\" sizes=\"(max-width: 640px) 100vw, 640px\" \/><\/p>\n<p>Na pr\u00f3xima quarta-feira se inicia o <a href=\"http:\/\/www.congressoanamt2019.com.br\/\" target=\"_blank\" rel=\"noopener\">17\u00ba Congresso Nacional da ANAMT<\/a>, o evento mais importante do ano para o calend\u00e1rio da Medicina do Trabalho. Isso significa que em menos de uma semana voc\u00ea ter\u00e1 contato com os principais assuntos atualmente em discuss\u00e3o na especialidade.<\/p>\n<p>Otimizar o tempo \u00e9 fundamental para aumentar o aprendizado e obter bom aproveitamento. Se voc\u00ea procura uma forma de se programar para os debates, o 17\u00ba Congresso Nacional acaba de ganhar um aplicativo para celular. Agora, os participantes poder\u00e3o interagir com palestrantes e acessar slides das apresenta\u00e7\u00f5es, em tempo real, e ainda avaliar atividades e responder a vota\u00e7\u00f5es. Tudo com um simples toque no seu <em>smartphone<\/em>.<\/p>\n<p>O aplicativo est\u00e1 dispon\u00edvel para iOS e Android. Carregar uma agenda j\u00e1 n\u00e3o \u00e9 mais uma necessidade, mas uma op\u00e7\u00e3o. Fa\u00e7a o<em> download<\/em>, organize sua rotina de palestras e prepare-se para o maior evento da especialidade:<\/p>\n<p><a href=\"https:\/\/itunes.apple.com\/br\/app\/anamt-2019\/id1458030688?mt=8\" target=\"_blank\" rel=\"https:\/\/itunes.apple.com\/br\/app\/anamt-2019\/id1458030688?mt=8 noopener\"><img decoding=\"async\" class=\"alignleft wp-image-37061 size-full\" src=\"https:\/\/www.anamt.org.br\/portal\/wp-content\/uploads\/2019\/05\/iTunesStore-2x-e1557774220735.png\" alt=\"\" width=\"150\" height=\"44\" \/><\/a> <a href=\"https:\/\/play.google.com\/store\/apps\/details?id=br.com.makadu.makaduevento.anamt\" target=\"_blank\" rel=\"https:\/\/play.google.com\/store\/apps\/details?id=br.com.makadu.makaduevento.anamt noopener\"><img decoding=\"async\" class=\"alignright wp-image-37060 size-full\" src=\"https:\/\/www.anamt.org.br\/portal\/wp-content\/uploads\/2019\/05\/download_google_play-pt-e1557774179395.png\" alt=\"\" width=\"150\" height=\"44\" \/><\/a><\/p>\n","protected":false},"excerpt":{"rendered":"<p>Na pr\u00f3xima quarta-feira se inicia o 17\u00ba Congresso Nacional da ANAMT, o evento mais importante do ano para o calend\u00e1rio da Medicina do Trabalho. Isso significa que em menos de uma semana voc\u00ea ter\u00e1 contato com os principais assuntos atualmente em discuss\u00e3o na especialidade. Otimizar o tempo \u00e9 fundamental para aumentar o aprendizado e obter [&hellip;]<\/p>\n","protected":false},"author":1,"featured_media":35858,"comment_status":"closed","ping_status":"closed","sticky":false,"template":"","format":"standard","meta":{"footnotes":""},"categories":[78],"tags":[],"_links":{"self":[{"href":"https:\/\/www.anamt.org.br\/portal\/wp-json\/wp\/v2\/posts\/37058"}],"collection":[{"href":"https:\/\/www.anamt.org.br\/portal\/wp-json\/wp\/v2\/posts"}],"about":[{"href":"https:\/\/www.anamt.org.br\/portal\/wp-json\/wp\/v2\/types\/post"}],"author":[{"embeddable":true,"href":"https:\/\/www.anamt.org.br\/portal\/wp-json\/wp\/v2\/users\/1"}],"replies":[{"embeddable":true,"href":"https:\/\/www.anamt.org.br\/portal\/wp-json\/wp\/v2\/comments?post=37058"}],"version-history":[{"count":0,"href":"https:\/\/www.anamt.org.br\/portal\/wp-json\/wp\/v2\/posts\/37058\/revisions"}],"wp:featuredmedia":[{"embeddable":true,"href":"https:\/\/www.anamt.org.br\/portal\/wp-json\/wp\/v2\/media\/35858"}],"wp:attachment":[{"href":"https:\/\/www.anamt.org.br\/portal\/wp-json\/wp\/v2\/media?parent=37058"}],"wp:term":[{"taxonomy":"category","embeddable":true,"href":"https:\/\/www.anamt.org.br\/portal\/wp-json\/wp\/v2\/categories?post=37058"},{"taxonomy":"post_tag","embeddable":true,"href":"https:\/\/www.anamt.org.br\/portal\/wp-json\/wp\/v2\/tags?post=37058"}],"curies":[{"name":"wp","href":"https:\/\/api.w.org\/{rel}","templated":true}]}}