{"id":37053,"date":"2019-05-13T14:19:20","date_gmt":"2019-05-13T17:19:20","guid":{"rendered":"https:\/\/www.anamt.org.br\/portal\/?p=37053"},"modified":"2019-05-13T14:20:11","modified_gmt":"2019-05-13T17:20:11","slug":"17o-congresso-nacional-inscricoes-online-ou-presenciais-com-o-melhor-preco","status":"publish","type":"post","link":"https:\/\/www.anamt.org.br\/portal\/2019\/05\/13\/17o-congresso-nacional-inscricoes-online-ou-presenciais-com-o-melhor-preco\/","title":{"rendered":"17\u00ba Congresso Nacional: inscri\u00e7\u00f5es online e presenciais com melhor pre\u00e7o"},"content":{"rendered":"<p>Atendendo a pedidos, as inscri\u00e7\u00f5es \u2014 online ou presenciais \u2014 para o 17\u00ba Congresso Nacional, que ocorrer\u00e1 entre os dias 15 e 18 de maio, seguir\u00e3o em seu melhor pre\u00e7o antes da virada de tabela.<\/p>\n<p>Temas novos e relevantes para os profissionais ser\u00e3o tratados no evento, como os desafios trazidos pelas novas modalidades de trabalho e os impactos trazidos pelo eSocial.<\/p>\n<p>Acesse <a href=\"http:\/\/www.congressoanamt2019.com.br\/\">http:\/\/www.congressoanamt2019.com.br\/<\/a> para conferir a programa\u00e7\u00e3o completa do evento. Contamos com a sua presen\u00e7a.<\/p>\n<h3>Servi\u00e7o<\/h3>\n<p>Data: 15 a 18 de maio de 2019<br \/>\nLocal: Centro Internacional de Conven\u00e7\u00f5es do Brasil &#8211; Bras\u00edlia (DF)<br \/>\nSite: http:\/\/www.congressoanamt2019.com.br\/<\/p>\n","protected":false},"excerpt":{"rendered":"<p>Atendendo a pedidos, as inscri\u00e7\u00f5es \u2014 online ou presenciais \u2014 para o 17\u00ba Congresso Nacional, que ocorrer\u00e1 entre os dias 15 e 18 de maio, seguir\u00e3o em seu melhor pre\u00e7o antes da virada de tabela. Temas novos e relevantes para os profissionais ser\u00e3o tratados no evento, como os desafios trazidos pelas novas modalidades de trabalho [&hellip;]<\/p>\n","protected":false},"author":1,"featured_media":35858,"comment_status":"closed","ping_status":"closed","sticky":false,"template":"","format":"standard","meta":{"footnotes":""},"categories":[78],"tags":[],"_links":{"self":[{"href":"https:\/\/www.anamt.org.br\/portal\/wp-json\/wp\/v2\/posts\/37053"}],"collection":[{"href":"https:\/\/www.anamt.org.br\/portal\/wp-json\/wp\/v2\/posts"}],"about":[{"href":"https:\/\/www.anamt.org.br\/portal\/wp-json\/wp\/v2\/types\/post"}],"author":[{"embeddable":true,"href":"https:\/\/www.anamt.org.br\/portal\/wp-json\/wp\/v2\/users\/1"}],"replies":[{"embeddable":true,"href":"https:\/\/www.anamt.org.br\/portal\/wp-json\/wp\/v2\/comments?post=37053"}],"version-history":[{"count":0,"href":"https:\/\/www.anamt.org.br\/portal\/wp-json\/wp\/v2\/posts\/37053\/revisions"}],"wp:featuredmedia":[{"embeddable":true,"href":"https:\/\/www.anamt.org.br\/portal\/wp-json\/wp\/v2\/media\/35858"}],"wp:attachment":[{"href":"https:\/\/www.anamt.org.br\/portal\/wp-json\/wp\/v2\/media?parent=37053"}],"wp:term":[{"taxonomy":"category","embeddable":true,"href":"https:\/\/www.anamt.org.br\/portal\/wp-json\/wp\/v2\/categories?post=37053"},{"taxonomy":"post_tag","embeddable":true,"href":"https:\/\/www.anamt.org.br\/portal\/wp-json\/wp\/v2\/tags?post=37053"}],"curies":[{"name":"wp","href":"https:\/\/api.w.org\/{rel}","templated":true}]}}