{"id":37031,"date":"2019-05-10T11:16:36","date_gmt":"2019-05-10T14:16:36","guid":{"rendered":"https:\/\/www.anamt.org.br\/portal\/?p=37031"},"modified":"2019-05-10T11:17:29","modified_gmt":"2019-05-10T14:17:29","slug":"justica-anula-efeitos-de-reuniao-irregular-em-nome-da-anamt-e-calendario-eleitoral-e-mantido","status":"publish","type":"post","link":"https:\/\/www.anamt.org.br\/portal\/2019\/05\/10\/justica-anula-efeitos-de-reuniao-irregular-em-nome-da-anamt-e-calendario-eleitoral-e-mantido\/","title":{"rendered":"Justi\u00e7a anula efeitos de reuni\u00e3o irregular e calend\u00e1rio eleitoral \u00e9 mantido"},"content":{"rendered":"<p>A ANAMT informa aos seus associados que, em despacho publicado em 8 de maio, a Justi\u00e7a anulou a ata da reuni\u00e3o extraordin\u00e1ria do auto-proclamado Conselho Deliberativo de 9 de mar\u00e7o para tratar de assuntos eleitorais, e, por consequ\u00eancia, todas as delibera\u00e7\u00f5es nela tomadas. A decis\u00e3o \u00e9 da 6\u00aa C\u00e2mara de Direito Privado do Tribunal de Justi\u00e7a de S\u00e3o Paulo.<\/p>\n<p>O relator da apela\u00e7\u00e3o, desembargador Rodolfo Pellizari, destacou em seu voto que a conduta afrontou claramente o Estatuto da ANAMT e o registro da ata foi negado pelo cart\u00f3rio competente, em vista de in\u00fameras irregularidades. De acordo com os autos, o grupo pretende dificultar o processo eleitoral em tr\u00e2mite divulgando informa\u00e7\u00f5es falsas e convocando de maneira irregular os associados a participarem da elei\u00e7\u00e3o de uma chapa n\u00e3o inscrita. Desta forma, fica mantido o calend\u00e1rio eleitoral divulgado pela ANAMT.<\/p>\n<p>Em decis\u00e3o tamb\u00e9m publicada no dia 8 de maio, a ju\u00edza Ana L\u00facia Xavier Goldman indeferiu a convoca\u00e7\u00e3o de Assembleia Geral Extraordin\u00e1ria e determinou a retirada de not\u00edcias inver\u00eddicas sobre as elei\u00e7\u00f5es.<\/p>\n<p>O andamento do processo (n\u00ba 1024329-89.2019.8.26.0100) pode ser acompanhado pelos associados no site do Tribunal de Justi\u00e7a de S\u00e3o Paulo.<\/p>\n<p>As decis\u00f5es representam uma vit\u00f3ria para a especialidade e garantem a preserva\u00e7\u00e3o dos interesses democr\u00e1ticos dos candidatos e dos associados. Os ataques indignaram toda a Associa\u00e7\u00e3o pela desonestidade e expuseram a impostura praticada pelos envolvidos. A ANAMT continua fortalecida, cumprindo e fazendo cumprir seu Estatuto e os interesses dos associados.<\/p>\n","protected":false},"excerpt":{"rendered":"<p>A ANAMT informa aos seus associados que, em despacho publicado em 8 de maio, a Justi\u00e7a anulou a ata da reuni\u00e3o extraordin\u00e1ria do auto-proclamado Conselho Deliberativo de 9 de mar\u00e7o para tratar de assuntos eleitorais, e, por consequ\u00eancia, todas as delibera\u00e7\u00f5es nela tomadas. A decis\u00e3o \u00e9 da 6\u00aa C\u00e2mara de Direito Privado do Tribunal de [&hellip;]<\/p>\n","protected":false},"author":1,"featured_media":36340,"comment_status":"closed","ping_status":"closed","sticky":false,"template":"","format":"standard","meta":{"footnotes":""},"categories":[220],"tags":[],"_links":{"self":[{"href":"https:\/\/www.anamt.org.br\/portal\/wp-json\/wp\/v2\/posts\/37031"}],"collection":[{"href":"https:\/\/www.anamt.org.br\/portal\/wp-json\/wp\/v2\/posts"}],"about":[{"href":"https:\/\/www.anamt.org.br\/portal\/wp-json\/wp\/v2\/types\/post"}],"author":[{"embeddable":true,"href":"https:\/\/www.anamt.org.br\/portal\/wp-json\/wp\/v2\/users\/1"}],"replies":[{"embeddable":true,"href":"https:\/\/www.anamt.org.br\/portal\/wp-json\/wp\/v2\/comments?post=37031"}],"version-history":[{"count":0,"href":"https:\/\/www.anamt.org.br\/portal\/wp-json\/wp\/v2\/posts\/37031\/revisions"}],"wp:featuredmedia":[{"embeddable":true,"href":"https:\/\/www.anamt.org.br\/portal\/wp-json\/wp\/v2\/media\/36340"}],"wp:attachment":[{"href":"https:\/\/www.anamt.org.br\/portal\/wp-json\/wp\/v2\/media?parent=37031"}],"wp:term":[{"taxonomy":"category","embeddable":true,"href":"https:\/\/www.anamt.org.br\/portal\/wp-json\/wp\/v2\/categories?post=37031"},{"taxonomy":"post_tag","embeddable":true,"href":"https:\/\/www.anamt.org.br\/portal\/wp-json\/wp\/v2\/tags?post=37031"}],"curies":[{"name":"wp","href":"https:\/\/api.w.org\/{rel}","templated":true}]}}