{"id":37027,"date":"2019-05-08T15:01:43","date_gmt":"2019-05-08T18:01:43","guid":{"rendered":"https:\/\/www.anamt.org.br\/portal\/?p=37027"},"modified":"2019-05-08T15:02:54","modified_gmt":"2019-05-08T18:02:54","slug":"justica-indefere-pedido-de-chapa-que-nao-se-inscreveu-no-prazo-indicado","status":"publish","type":"post","link":"https:\/\/www.anamt.org.br\/portal\/2019\/05\/08\/justica-indefere-pedido-de-chapa-que-nao-se-inscreveu-no-prazo-indicado\/","title":{"rendered":"Justi\u00e7a indefere pedido de chapa que n\u00e3o se inscreveu no prazo indicado"},"content":{"rendered":"<p>A ANAMT informa aos seus associados que, em despacho publicado nesta segunda-feira (06\/05), a Justi\u00e7a de S\u00e3o Paulo n\u00e3o reconheceu o direito de inscri\u00e7\u00e3o da chapa que n\u00e3o inscreveu-se no prazo determinado pela comiss\u00e3o eleitoral. O <a href=\"https:\/\/www.anamt.org.br\/portal\/2019\/04\/04\/nota-de-esclarecimento-decisao-judicial-mantem-calendario-eleitoral-da-anamt\/\">calend\u00e1rio eleitoral divulgado nas \u00faltimas semanas<\/a> ser\u00e1 mantido e o pleito ser\u00e1 realizado \u00e0 dist\u00e2ncia, entre os dias 21 de maio e 8 de junho.<\/p>\n<p>O andamento do processo (n\u00ba 1024329-89.2019.8.26.0100) pode ser acompanhado pelos associados no site do Tribunal de Justi\u00e7a de S\u00e3o Paulo.<\/p>\n","protected":false},"excerpt":{"rendered":"<p>A ANAMT informa aos seus associados que, em despacho publicado nesta segunda-feira (06\/05), a Justi\u00e7a de S\u00e3o Paulo n\u00e3o reconheceu o direito de inscri\u00e7\u00e3o da chapa que n\u00e3o inscreveu-se no prazo determinado pela comiss\u00e3o eleitoral. O calend\u00e1rio eleitoral divulgado nas \u00faltimas semanas ser\u00e1 mantido e o pleito ser\u00e1 realizado \u00e0 dist\u00e2ncia, entre os dias 21 [&hellip;]<\/p>\n","protected":false},"author":1,"featured_media":36340,"comment_status":"closed","ping_status":"closed","sticky":false,"template":"","format":"standard","meta":{"footnotes":""},"categories":[220],"tags":[],"_links":{"self":[{"href":"https:\/\/www.anamt.org.br\/portal\/wp-json\/wp\/v2\/posts\/37027"}],"collection":[{"href":"https:\/\/www.anamt.org.br\/portal\/wp-json\/wp\/v2\/posts"}],"about":[{"href":"https:\/\/www.anamt.org.br\/portal\/wp-json\/wp\/v2\/types\/post"}],"author":[{"embeddable":true,"href":"https:\/\/www.anamt.org.br\/portal\/wp-json\/wp\/v2\/users\/1"}],"replies":[{"embeddable":true,"href":"https:\/\/www.anamt.org.br\/portal\/wp-json\/wp\/v2\/comments?post=37027"}],"version-history":[{"count":0,"href":"https:\/\/www.anamt.org.br\/portal\/wp-json\/wp\/v2\/posts\/37027\/revisions"}],"wp:featuredmedia":[{"embeddable":true,"href":"https:\/\/www.anamt.org.br\/portal\/wp-json\/wp\/v2\/media\/36340"}],"wp:attachment":[{"href":"https:\/\/www.anamt.org.br\/portal\/wp-json\/wp\/v2\/media?parent=37027"}],"wp:term":[{"taxonomy":"category","embeddable":true,"href":"https:\/\/www.anamt.org.br\/portal\/wp-json\/wp\/v2\/categories?post=37027"},{"taxonomy":"post_tag","embeddable":true,"href":"https:\/\/www.anamt.org.br\/portal\/wp-json\/wp\/v2\/tags?post=37027"}],"curies":[{"name":"wp","href":"https:\/\/api.w.org\/{rel}","templated":true}]}}