{"id":37022,"date":"2019-05-08T10:34:38","date_gmt":"2019-05-08T13:34:38","guid":{"rendered":"https:\/\/www.anamt.org.br\/portal\/?p=37022"},"modified":"2019-05-08T13:44:17","modified_gmt":"2019-05-08T16:44:17","slug":"17o-congresso-nacional-faca-sua-inscricao-nos-cursos-pre-congresso","status":"publish","type":"post","link":"https:\/\/www.anamt.org.br\/portal\/2019\/05\/08\/17o-congresso-nacional-faca-sua-inscricao-nos-cursos-pre-congresso\/","title":{"rendered":"17\u00ba Congresso Nacional: fa\u00e7a sua inscri\u00e7\u00e3o nos cursos pr\u00e9-congresso"},"content":{"rendered":"<p><img decoding=\"async\" class=\"aligncenter wp-image-36366 size-full\" src=\"https:\/\/www.anamt.org.br\/portal\/wp-content\/uploads\/2019\/02\/vitrine_ANAMT_v11_2.jpg\" alt=\"\" width=\"650\" height=\"292\" srcset=\"https:\/\/www.anamt.org.br\/portal\/wp-content\/uploads\/2019\/02\/vitrine_ANAMT_v11_2-200x90.jpg 200w, https:\/\/www.anamt.org.br\/portal\/wp-content\/uploads\/2019\/02\/vitrine_ANAMT_v11_2-300x135.jpg 300w, https:\/\/www.anamt.org.br\/portal\/wp-content\/uploads\/2019\/02\/vitrine_ANAMT_v11_2-400x180.jpg 400w, https:\/\/www.anamt.org.br\/portal\/wp-content\/uploads\/2019\/02\/vitrine_ANAMT_v11_2-600x270.jpg 600w, https:\/\/www.anamt.org.br\/portal\/wp-content\/uploads\/2019\/02\/vitrine_ANAMT_v11_2.jpg 650w\" sizes=\"(max-width: 650px) 100vw, 650px\" \/><\/p>\n<p>Qual \u00e9 o amanh\u00e3 que os M\u00e9dicos do Trabalho podem esperar para especialidade? Quais s\u00e3o os principais desafios que devem ser enfrentados hoje para ampliar o reconhecimento dos profissionais e melhorar a qualidade de vida dos trabalhadores?<\/p>\n<p>Essas s\u00e3o algumas das perguntas que a programa\u00e7\u00e3o cient\u00edfica do 17\u00ba Congresso Nacional da ANAMT busca responder. O evento, que acontece a cada tr\u00eas anos, ser\u00e1 realizado entre os dias 15 e 18 de maio, em Bras\u00edlia, e ter\u00e1 como tema central \u201cValores Essenciais Frente \u00e0s Transforma\u00e7\u00f5es do Trabalho: Hoje e Amanh\u00e3\u201d.<\/p>\n<p>O Congresso possibilitar\u00e1 aos participantes se atualizarem sobre diferentes temas relacionados \u00e0 especialidade, e a troca de experi\u00eancias. No primeiro dia do 17\u00ba Congresso Nacional da ANAMT, ser\u00e3o realizados cursos sobre temas atualmente debatidos na especialidade.<\/p>\n<p>Assuntos como a <a href=\"https:\/\/www.anamt.org.br\/portal\/2019\/02\/12\/17o-congresso-nacional-da-anamt-inclusao-da-pessoa-com-deficiencia-sera-abordada-em-curso\/\">inclus\u00e3o de pessoas com defici\u00eancia no trabalho ser\u00e3o debatidos no curso<\/a>, o <a href=\"https:\/\/www.anamt.org.br\/portal\/2019\/01\/22\/17o-congresso-nacional-da-anamt-curso-pre-congresso-aborda-laboratorio-de-mudancas\/\">conceito de Laborat\u00f3rio de Mudan\u00e7a<\/a> e <a href=\"https:\/\/www.anamt.org.br\/portal\/2019\/01\/29\/pericia-medica-curso-no-17o-congresso-nacional-da-anamt-trara-abordara-casos-praticos\/\">Per\u00edcia M\u00e9dica<\/a> ser\u00e3o abordados.<\/p>\n<p>Conhe\u00e7a parte da programa\u00e7\u00e3o:<\/p>\n<blockquote>\n<h3>Atualiza\u00e7\u00e3o dos transtornos musculoesquel\u00e9ticos e o trabalho<\/h3>\n<p>A dor musculoesquel\u00e9tica \u00e9 um dos problemas ocupacionais mais comuns nas sociedades industrializadas. A apresenta\u00e7\u00e3o contar\u00e1 com a coordenadora Dra. Angelle J\u00e1como e o professor S\u00e9rgio Nicoletti.<\/p>\n<h3>Atualiza\u00e7\u00e3o em Medicina Legal e Per\u00edcia M\u00e9dica em per\u00edcia m\u00e9dica judicial de agravos \u00e0 sa\u00fade relacionadas ao trabalho<\/h3>\n<p>A \u00e1rea de medicina do trabalho tem uma discuss\u00e3o muito grande sobre o tema. Mesmo que n\u00e3o atue na \u00e1rea pericial, o m\u00e9dico do trabalho precisa ter conhecimento dessas quest\u00f5es\u201d, <a href=\"https:\/\/www.anamt.org.br\/portal\/2019\/01\/29\/pericia-medica-curso-no-17o-congresso-nacional-da-anamt-trara-abordara-casos-praticos\/\">explica a Dra. Rosa Am\u00e9lia Dantas<\/a>, que ministrar\u00e1 a atividade.<\/p>\n<h3>Avalia\u00e7\u00e3o de riscos ocupacionais\/ambientais para a sa\u00fade dos trabalhadores<\/h3>\n<p>Riscos ocupacionais no trabalho: o que s\u00e3o e como classific\u00e1-los? Os fundamentos te\u00f3ricos, crit\u00e9rios e procedimentos para avalia\u00e7\u00e3o de riscos ambientais, e quest\u00f5es pr\u00e1ticas relacionadas \u00e0 avalia\u00e7\u00e3o de riscos ser\u00e3o analisados pelo coordenador Dr. Gilmar Trivelato e o professor Dr. Tarc\u00edsio Buschinelli.<\/p>\n<h3>Desenhando um plano integrado para um ambiente de trabalho saud\u00e1vel<\/h3>\n<p>O curso ministrado pelo coordenador Dr. Rodrigo Demarch e o professor Dr. Alfredo Pina apresentar\u00e1 a identifica\u00e7\u00e3o de business cases de Ambientes de Trabalho Saud\u00e1veis, an\u00e1lise dos processos de melhoria, ferramentas de mensura\u00e7\u00e3o do impacto das a\u00e7\u00f5es, entre outros assuntos.<\/p><\/blockquote>\n<p>Confira toda a programa\u00e7\u00e3o, inscreva-se agora e garanta a sua participa\u00e7\u00e3o no evento: <a href=\"http:\/\/www.congressoanamt2019.com.br\/\">http:\/\/www.congressoanamt2019.com.br\/<\/a><\/p>\n<p>Para mais informa\u00e7\u00f5es e d\u00favidas, entre em contato com a Secretaria da ANAMT pelo telefone (11) 3251-0849 ou pelo e-mail <em>secretaria@staging.anamt.org.br<\/em>.<\/p>\n<div style=\"width: 640px;\" class=\"wp-video\"><!--[if lt IE 9]><script>document.createElement('video');<\/script><![endif]-->\n<video class=\"wp-video-shortcode\" id=\"video-37022-1\" width=\"640\" height=\"360\" preload=\"metadata\" controls=\"controls\"><source type=\"video\/mp4\" src=\"http:\/\/www.sistemasanamt.org.br\/anamt\/site\/videos\/chamada-anamt-congresso-2019.mp4?_=1\" \/><a href=\"http:\/\/www.sistemasanamt.org.br\/anamt\/site\/videos\/chamada-anamt-congresso-2019.mp4\">http:\/\/www.sistemasanamt.org.br\/anamt\/site\/videos\/chamada-anamt-congresso-2019.mp4<\/a><\/video><\/div>\n<p>Saiba mais <a href=\"https:\/\/bit.ly\/2TZe11W\">sobre o evento<\/a> aqui!<\/p>\n","protected":false},"excerpt":{"rendered":"<p>Qual \u00e9 o amanh\u00e3 que os M\u00e9dicos do Trabalho podem esperar para especialidade? Quais s\u00e3o os principais desafios que devem ser enfrentados hoje para ampliar o reconhecimento dos profissionais e melhorar a qualidade de vida dos trabalhadores? Essas s\u00e3o algumas das perguntas que a programa\u00e7\u00e3o cient\u00edfica do 17\u00ba Congresso Nacional da ANAMT busca responder. O [&hellip;]<\/p>\n","protected":false},"author":1,"featured_media":35858,"comment_status":"closed","ping_status":"closed","sticky":false,"template":"","format":"standard","meta":{"footnotes":""},"categories":[78],"tags":[],"_links":{"self":[{"href":"https:\/\/www.anamt.org.br\/portal\/wp-json\/wp\/v2\/posts\/37022"}],"collection":[{"href":"https:\/\/www.anamt.org.br\/portal\/wp-json\/wp\/v2\/posts"}],"about":[{"href":"https:\/\/www.anamt.org.br\/portal\/wp-json\/wp\/v2\/types\/post"}],"author":[{"embeddable":true,"href":"https:\/\/www.anamt.org.br\/portal\/wp-json\/wp\/v2\/users\/1"}],"replies":[{"embeddable":true,"href":"https:\/\/www.anamt.org.br\/portal\/wp-json\/wp\/v2\/comments?post=37022"}],"version-history":[{"count":0,"href":"https:\/\/www.anamt.org.br\/portal\/wp-json\/wp\/v2\/posts\/37022\/revisions"}],"wp:featuredmedia":[{"embeddable":true,"href":"https:\/\/www.anamt.org.br\/portal\/wp-json\/wp\/v2\/media\/35858"}],"wp:attachment":[{"href":"https:\/\/www.anamt.org.br\/portal\/wp-json\/wp\/v2\/media?parent=37022"}],"wp:term":[{"taxonomy":"category","embeddable":true,"href":"https:\/\/www.anamt.org.br\/portal\/wp-json\/wp\/v2\/categories?post=37022"},{"taxonomy":"post_tag","embeddable":true,"href":"https:\/\/www.anamt.org.br\/portal\/wp-json\/wp\/v2\/tags?post=37022"}],"curies":[{"name":"wp","href":"https:\/\/api.w.org\/{rel}","templated":true}]}}