{"id":37020,"date":"2019-05-08T09:01:22","date_gmt":"2019-05-08T12:01:22","guid":{"rendered":"https:\/\/www.anamt.org.br\/portal\/?p=37020"},"modified":"2019-05-08T09:01:22","modified_gmt":"2019-05-08T12:01:22","slug":"governo-quer-que-acidente-a-caminho-do-trabalho-nao-seja-assumido-por-empresa","status":"publish","type":"post","link":"https:\/\/www.anamt.org.br\/portal\/2019\/05\/08\/governo-quer-que-acidente-a-caminho-do-trabalho-nao-seja-assumido-por-empresa\/","title":{"rendered":"Governo quer que acidente a caminho do trabalho n\u00e3o seja assumido por empresa"},"content":{"rendered":"<div class=\"content\">\n<div class=\"moz-reader-content line-height4 reader-show-element\">\n<div id=\"readability-page-1\" class=\"page\">\n<div data-share-text=\"\" data-news-content-text=\"\" data-disable-copy=\"\" data-continue-reading=\"\" data-continue-reading-hide-others=\".js-continue-reading-hidden\">\n<p>O governo usou a MP (medida provis\u00f3ria) do pente-fino no INSS (Instituto Nacional do Seguro Social) para propor que n\u00e3o sejam mais consideradas acidente de trabalho aquelas eventualidades que ocorrerem no percurso de casa para a empresa ou no trajeto de volta para a resid\u00eancia.<\/p>\n<p>Aliado do <a href=\"https:\/\/www1.folha.uol.com.br\/mercado\/2019\/05\/guedes-participara-de-audiencia-na-comissao-especial-da-previdencia.shtml\">presidente Jair <\/a>Bolsonaro, o relator da MP, deputado Paulo Martins (PSC-PR), apresentou, nesta ter\u00e7a-feira (7), o parecer pela aprova\u00e7\u00e3o do texto, mas com altera\u00e7\u00f5es \u00e0 vers\u00e3o original. O relat\u00f3rio foi produzido em reuni\u00f5es com t\u00e9cnicos da equipe econ\u00f4mica.<\/p>\n<p>Segundo Martins, j\u00e1 que a reforma trabalhista, aprovada em 2017, n\u00e3o considera como jornada de trabalho o tempo de deslocamento do empregado, a legisla\u00e7\u00e3o previdenci\u00e1ria tem que se adaptar \u00e0s novas regras.<\/p>\n<p>Por isso, o parecer exclui a possibilidade de que acidentes ocorridos no caminho para a empresa ou para casa sejam equiparados a acidentes de trabalho, que poderiam garantir benef\u00edcios e aux\u00edlios a trabalhadores.<\/p>\n<p>O secret\u00e1rio especial de Previd\u00eancia e Trabalho, Rog\u00e9rio Marinho, confirmou que o relat\u00f3rio do deputado foi constru\u00eddo junto com a equipe econ\u00f4mica.<\/p>\n<p>\u201cO que o governo apresentou evidentemente foi assinado pelo governo. O que est\u00e1 l\u00e1 [no parecer] \u00e9 porque o governo apresentou o projeto\u201d, disse Marinho, que \u00e9 ex-deputado federal e foi relator da reforma trabalhista aprovada na gest\u00e3o do ex-presidente Michel Temer.<\/p>\n<p>Ap\u00f3s as negocia\u00e7\u00f5es, Martins incluiu tamb\u00e9m na MP um artigo para que o agressor tenha que ressarcir despesas da Previd\u00eancia Social com v\u00edtimas de viol\u00eancia dom\u00e9stica.<\/p>\n<p>Essa proposta j\u00e1 tramita no Congresso por meio de um projeto de lei. Ao incluir o assunto na MP, o governo acelera o processo de an\u00e1lise do tema.<\/p>\n<p>Al\u00e9m disso, o relat\u00f3rio prev\u00ea que dependentes n\u00e3o tenham direito a pens\u00e3o no caso de tentarem praticar homic\u00eddio contra o segurado.<\/p>\n<p>Atualmente, a lei impede o recebimento de pens\u00e3o apenas quando o crime \u00e9 efetivado, e n\u00e3o nos casos de tentativa de homic\u00eddio.<\/p>\n<p>Conforme a\u00a0<em>Folha<\/em>\u00a0publicou na semana passada, o governo negociou com o deputado outras altera\u00e7\u00f5es na MP.<\/p>\n<h3>Sal\u00e1rio-maternidade e BPC<\/h3>\n<p>Martins tamb\u00e9m derrubou a proposta de criar um prazo de seis meses ap\u00f3s parto ou ado\u00e7\u00e3o para que seja pedido o sal\u00e1rio-maternidade.<\/p>\n<p>Assim, se o relat\u00f3rio for aprovado, ser\u00e1 poss\u00edvel pedir o benef\u00edcio com as mesmas regras de antes: at\u00e9 cinco anos ap\u00f3s o nascimento do beb\u00ea ou da ado\u00e7\u00e3o.<\/p>\n<p>O deputado tamb\u00e9m excluiu o trecho que obriga idosos carentes e deficientes a abrirem m\u00e3o do sigilo banc\u00e1rio ao pedirem o BPC, benef\u00edcio pago a esses grupos. De car\u00e1ter assistencial, essa transfer\u00eancia tem valor de um sal\u00e1rio m\u00ednimo (R$ 998).<\/p>\n<p>Metade dos deputados e senadores da comiss\u00e3o que analisa a medida provis\u00f3ria \u00e9 de estados do Norte e Nordeste, onde h\u00e1 uma forte concentra\u00e7\u00e3o de benefici\u00e1rios do BPC, al\u00e9m de trabalhadores rurais.<\/p>\n<p>A MP tamb\u00e9m determina mudan\u00e7as na documenta\u00e7\u00e3o necess\u00e1ria para pedir a aposentadoria rural. Esse \u00e9 o ponto que mais gera resist\u00eancia \u00e0 proposta de Bolsonaro.<\/p>\n<p>Martins sugeriu ao governo que fosse dado um prazo mais longo para que as regras entrem em vigor. Mas a equipe econ\u00f4mica vetou.<\/p>\n<p>Interlocutores do presidente tentam, agora, convencer deputados e senadores sobre a necessidade de preservar esse item da medida provis\u00f3ria.<\/p>\n<p>A l\u00edder do governo no Congresso, Joice Hasselmann (PSL-SP), e Marinho se reuniram nesta ter\u00e7a com senadores que criticam a ideia da equipe econ\u00f4mica.<\/p>\n<p>A MP prev\u00ea o fim do uso de declara\u00e7\u00e3o de sindicatos rurais e que, a partir de janeiro, a comprova\u00e7\u00e3o do exerc\u00edcio da atividade rural seria exclusivamente por inscri\u00e7\u00e3o nos \u00f3rg\u00e3os do sistema do Cadastro Nacional de Informa\u00e7\u00f5es Sociais (CNIS), mantido pelo Minist\u00e9rio da Economia.<\/p>\n<p>Parlamentares querem manter a prerrogativa dos sindicatos ou que, pelo menos, haja uma transi\u00e7\u00e3o para a nova modalidade de documenta\u00e7\u00e3o. O embate pode adiar a vota\u00e7\u00e3o do relat\u00f3rio de Martins, prevista para esta quarta (8).<\/p>\n<p>\u201c\u00c9 um processo de moraliza\u00e7\u00e3o e organiza\u00e7\u00e3o cadastral. N\u00e3o acredito que haver\u00e1 risco [\u00e0 medida provis\u00f3ria]\u201d, disse o secret\u00e1rio especial de Previd\u00eancia e Trabalho.<\/p>\n<p>No relat\u00f3rio, Martins manteve os principais pontos do programa de an\u00e1lise de benef\u00edcios do INSS com ind\u00edcios de irregularidade e o endurecimento nos crit\u00e9rios para recebimento do aux\u00edlio-reclus\u00e3o, benef\u00edcio pago a familiares do trabalhador que for preso.<\/p>\n<p>O governo espera economizar R$ 9,8 bilh\u00f5es em 12 meses com essa medida provis\u00f3ria que tem que ser aprovada at\u00e9 o fim do m\u00eas.<\/p>\n<p><em>(Fonte: Folha de S. Paulo)<\/em><\/p>\n<\/div>\n<\/div>\n<\/div>\n<\/div>\n","protected":false},"excerpt":{"rendered":"<p>O governo usou a MP (medida provis\u00f3ria) do pente-fino no INSS (Instituto Nacional do Seguro Social) para propor que n\u00e3o sejam mais consideradas acidente de trabalho aquelas eventualidades que ocorrerem no percurso de casa para a empresa ou no trajeto de volta para a resid\u00eancia. Aliado do presidente Jair Bolsonaro, o relator da MP, deputado [&hellip;]<\/p>\n","protected":false},"author":1,"featured_media":30303,"comment_status":"closed","ping_status":"closed","sticky":false,"template":"","format":"standard","meta":{"footnotes":""},"categories":[79],"tags":[],"_links":{"self":[{"href":"https:\/\/www.anamt.org.br\/portal\/wp-json\/wp\/v2\/posts\/37020"}],"collection":[{"href":"https:\/\/www.anamt.org.br\/portal\/wp-json\/wp\/v2\/posts"}],"about":[{"href":"https:\/\/www.anamt.org.br\/portal\/wp-json\/wp\/v2\/types\/post"}],"author":[{"embeddable":true,"href":"https:\/\/www.anamt.org.br\/portal\/wp-json\/wp\/v2\/users\/1"}],"replies":[{"embeddable":true,"href":"https:\/\/www.anamt.org.br\/portal\/wp-json\/wp\/v2\/comments?post=37020"}],"version-history":[{"count":0,"href":"https:\/\/www.anamt.org.br\/portal\/wp-json\/wp\/v2\/posts\/37020\/revisions"}],"wp:featuredmedia":[{"embeddable":true,"href":"https:\/\/www.anamt.org.br\/portal\/wp-json\/wp\/v2\/media\/30303"}],"wp:attachment":[{"href":"https:\/\/www.anamt.org.br\/portal\/wp-json\/wp\/v2\/media?parent=37020"}],"wp:term":[{"taxonomy":"category","embeddable":true,"href":"https:\/\/www.anamt.org.br\/portal\/wp-json\/wp\/v2\/categories?post=37020"},{"taxonomy":"post_tag","embeddable":true,"href":"https:\/\/www.anamt.org.br\/portal\/wp-json\/wp\/v2\/tags?post=37020"}],"curies":[{"name":"wp","href":"https:\/\/api.w.org\/{rel}","templated":true}]}}