{"id":36983,"date":"2019-05-03T15:31:36","date_gmt":"2019-05-03T18:31:36","guid":{"rendered":"https:\/\/www.anamt.org.br\/portal\/?p=36983"},"modified":"2024-12-09T15:17:07","modified_gmt":"2024-12-09T18:17:07","slug":"17o-congresso-nacional-garanta-sua-participacao-nos-cursos-pre-congresso","status":"publish","type":"post","link":"https:\/\/www.anamt.org.br\/portal\/2019\/05\/03\/17o-congresso-nacional-garanta-sua-participacao-nos-cursos-pre-congresso\/","title":{"rendered":"17\u00ba Congresso Nacional: garanta sua participa\u00e7\u00e3o nos cursos pr\u00e9-congresso"},"content":{"rendered":"<p><a href=\"https:\/\/www.anamt.org.br\/portal\/wp-content\/uploads\/2019\/02\/vitrine_ANAMT_v11_2.jpg\"><img decoding=\"async\" class=\"wp-image-36366 size-full aligncenter\" src=\"https:\/\/www.anamt.org.br\/portal\/wp-content\/uploads\/2019\/02\/vitrine_ANAMT_v11_2.jpg\" alt=\"\" width=\"650\" height=\"292\" srcset=\"https:\/\/www.anamt.org.br\/portal\/wp-content\/uploads\/2019\/02\/vitrine_ANAMT_v11_2-200x90.jpg 200w, https:\/\/www.anamt.org.br\/portal\/wp-content\/uploads\/2019\/02\/vitrine_ANAMT_v11_2-300x135.jpg 300w, https:\/\/www.anamt.org.br\/portal\/wp-content\/uploads\/2019\/02\/vitrine_ANAMT_v11_2-400x180.jpg 400w, https:\/\/www.anamt.org.br\/portal\/wp-content\/uploads\/2019\/02\/vitrine_ANAMT_v11_2-600x270.jpg 600w, https:\/\/www.anamt.org.br\/portal\/wp-content\/uploads\/2019\/02\/vitrine_ANAMT_v11_2.jpg 650w\" sizes=\"(max-width: 650px) 100vw, 650px\" \/><\/a><\/p>\n<p>Qual \u00e9 o amanh\u00e3 que os M\u00e9dicos do Trabalho podem esperar para especialidade? Quais s\u00e3o os principais desafios que devem ser enfrentados hoje para ampliar o reconhecimento dos profissionais e melhorar a qualidade de vida dos trabalhadores?<\/p>\n<p>Essas s\u00e3o algumas das perguntas que a programa\u00e7\u00e3o cient\u00edfica do 17\u00ba Congresso Nacional da ANAMT busca responder. O evento, que acontece a cada tr\u00eas anos, ser\u00e1 realizado dos dias 15 a 18 de maio de 2019, em Bras\u00edlia, e ter\u00e1 como tema central \u201cValores Essenciais Frente \u00e0s Transforma\u00e7\u00f5es do Trabalho: Hoje e Amanh\u00e3\u201d.<\/p>\n<p>O Congresso possibilitar\u00e1 aos participantes se atualizarem sobre diferentes temas relacionados \u00e0 especialidade, e a troca de experi\u00eancias. No primeiro dia do 17\u00ba Congresso Nacional da ANAMT, ser\u00e3o realizados cursos sobre temas atualmente debatidos na especialidade.<\/p>\n<p>Assuntos como a <a href=\"https:\/\/www.anamt.org.br\/portal\/2019\/02\/20\/17o-congresso-nacional-da-anamt-aprendizado-pratico-sobre-gestao-integrada-de-saude-corporativa\/\">gest\u00e3o integrada de sa\u00fade corporativa na pr\u00e1tica<\/a>, a\u00a0<a href=\"https:\/\/www.anamt.org.br\/portal\/2019\/02\/12\/17o-congresso-nacional-da-anamt-inclusao-da-pessoa-com-deficiencia-sera-abordada-em-curso\/\">inclus\u00e3o de pessoas com defici\u00eancia no trabalho ser\u00e3o debatidos no curso<\/a>, o <a href=\"https:\/\/www.anamt.org.br\/portal\/2019\/01\/22\/17o-congresso-nacional-da-anamt-curso-pre-congresso-aborda-laboratorio-de-mudancas\/\">conceito de Laborat\u00f3rio de Mudan\u00e7a<\/a> e <a href=\"https:\/\/www.anamt.org.br\/portal\/2019\/01\/29\/pericia-medica-curso-no-17o-congresso-nacional-da-anamt-trara-abordara-casos-praticos\/\">Per\u00edcia M\u00e9dica<\/a> ser\u00e3o abordados.<\/p>\n<p>Conhe\u00e7a parte da programa\u00e7\u00e3o:<\/p>\n<blockquote>\n<h3>Utilizando a Epidemiologia na pr\u00e1tica da Medicina do Trabalho<\/h3>\n<p>A globaliza\u00e7\u00e3o da economia exige novas abordagens na \u00e1rea de sa\u00fade do trabalhador, tanto com rela\u00e7\u00e3o \u00e0 vigil\u00e2ncia quanto nos aspectos da aten\u00e7\u00e3o m\u00e9dica. Nesse sentido, o perfil epidemiol\u00f3gico dos trabalhadores pode subsidiar e direcionar continuamente as a\u00e7\u00f5es dos m\u00e9dicos do trabalho. A apresenta\u00e7\u00e3o contar\u00e1 com o coordenadora Dra. Vilma Santana e a professora Dra. Silvia Ferrite Guimar\u00e3es.<\/p>\n<h3>Semiologia aplicada \u00e0 Medicina do Trabalho<\/h3>\n<p>O curso ministrado pela coordenadora Dra. Naja Ferreira e o professor Dr. Julizar Dantas apresenter\u00e1 a aproxima\u00e7\u00e3o entre a Semiologia e a Medicina do Trabalho, como o planejamento do exame ocupacional, avalia\u00e7\u00e3o cl\u00ednica e t\u00e9cnicas de ratifica\u00e7\u00e3o das respostas aos testes em trabalhadores.<\/p>\n<h3>Modelos de aten\u00e7\u00e3o \u00e0 Sa\u00fade do Trabalhador no SUS<\/h3>\n<p>Fruto de uma parceria entre a ANAMT, o Departamento de Vigil\u00e2ncia em Sa\u00fade Ambiental e Sa\u00fade do Trabalhador e a Secretaria de Vigil\u00e2ncia em Sa\u00fade do Minist\u00e9rio da Sa\u00fade, a oficina ter\u00e1 como foco o acesso universal aos servi\u00e7os de sa\u00fade por meio do Sistema \u00danico de Sa\u00fade (SUS).<\/p>\n<h3>eSocial e o M\u00e9dico do Trabalho<\/h3>\n<p>Obrigat\u00f3ria a partir de julho de 2019 para as empresas do Grupo 1 (faturamento acima de R$ 78 milh\u00f5es), a ferramenta, que unifica o envio de dados trabalhistas e previdenci\u00e1rios, passar\u00e1 a receber dados de ocorr\u00eancias como acidentes e condi\u00e7\u00f5es ambientais de trabalho e monitoramento da sa\u00fade do trabalhador. Nesse contexto, o 17\u00ba Congresso Nacional <a href=\"https:\/\/www.anamt.org.br\/portal\/2019\/02\/26\/17o-congresso-nacional-da-anamt-curso-pre-congresso-abordara-o-esocial-e-a-area-de-sst\/\">contar\u00e1 com curso ministrado pelo Dr. Claudio Patrus<\/a>, m\u00e9dico especialista do Departamento Nacional do SESI.<\/p>\n<h3>Como elaborar um PCMSO para a gest\u00e3o de sa\u00fade do trabalhador<\/h3>\n<p>A avalia\u00e7\u00e3o dos riscos relacionados ao trabalho, os potenciais agravos \u00e0 sa\u00fade relacionados ao trabalho e as avalia\u00e7\u00f5es necess\u00e1rias para o monitoramento da sa\u00fade dos trabalhadores ser\u00e3o alguns dos temas debatidos no curso sobre o Programa de Controle M\u00e9dico de Sa\u00fade Ocupacional (PCMSO), com a coordena\u00e7\u00e3o da presidente da ANAMT, Dra. Marcia Bandini, e o professor Dr. Fernando Akio Mariya, tamb\u00e9m Diretor Adjunto Administrativo da Associa\u00e7\u00e3o.<\/p><\/blockquote>\n<p>Confira toda a programa\u00e7\u00e3o, inscreva-se agora e garanta a sua participa\u00e7\u00e3o no evento: <a href=\"http:\/\/www.congressoanamt2019.com.br\/\">http:\/\/www.congressoanamt2019.com.br\/<\/a><\/p>\n<p>Para mais informa\u00e7\u00f5es e d\u00favidas, entre em contato com a Secretaria da ANAMT pelo telefone (11) 3251-0849 ou pelo e-mail <em>secretaria@anamt.org.br<\/em>.<\/p>\n<div style=\"width: 640px;\" class=\"wp-video\"><!--[if lt IE 9]><script>document.createElement('video');<\/script><![endif]-->\n<video class=\"wp-video-shortcode\" id=\"video-36983-1\" width=\"640\" height=\"360\" preload=\"metadata\" controls=\"controls\"><source type=\"video\/mp4\" src=\"http:\/\/www.sistemasanamt.org.br\/anamt\/site\/videos\/chamada-anamt-congresso-2019.mp4?_=1\" \/><a href=\"http:\/\/www.sistemasanamt.org.br\/anamt\/site\/videos\/chamada-anamt-congresso-2019.mp4\">http:\/\/www.sistemasanamt.org.br\/anamt\/site\/videos\/chamada-anamt-congresso-2019.mp4<\/a><\/video><\/div>\n<p>Saiba mais <a href=\"https:\/\/bit.ly\/2TZe11W\">sobre o evento<\/a> aqui!<\/p>\n","protected":false},"excerpt":{"rendered":"<p>Qual \u00e9 o amanh\u00e3 que os M\u00e9dicos do Trabalho podem esperar para especialidade? Quais s\u00e3o os principais desafios que devem ser enfrentados hoje para ampliar o reconhecimento dos profissionais e melhorar a qualidade de vida dos trabalhadores? Essas s\u00e3o algumas das perguntas que a programa\u00e7\u00e3o cient\u00edfica do 17\u00ba Congresso Nacional da ANAMT busca responder. O [&hellip;]<\/p>\n","protected":false},"author":1,"featured_media":35858,"comment_status":"closed","ping_status":"closed","sticky":false,"template":"","format":"standard","meta":{"footnotes":""},"categories":[78],"tags":[],"_links":{"self":[{"href":"https:\/\/www.anamt.org.br\/portal\/wp-json\/wp\/v2\/posts\/36983"}],"collection":[{"href":"https:\/\/www.anamt.org.br\/portal\/wp-json\/wp\/v2\/posts"}],"about":[{"href":"https:\/\/www.anamt.org.br\/portal\/wp-json\/wp\/v2\/types\/post"}],"author":[{"embeddable":true,"href":"https:\/\/www.anamt.org.br\/portal\/wp-json\/wp\/v2\/users\/1"}],"replies":[{"embeddable":true,"href":"https:\/\/www.anamt.org.br\/portal\/wp-json\/wp\/v2\/comments?post=36983"}],"version-history":[{"count":1,"href":"https:\/\/www.anamt.org.br\/portal\/wp-json\/wp\/v2\/posts\/36983\/revisions"}],"predecessor-version":[{"id":50667,"href":"https:\/\/www.anamt.org.br\/portal\/wp-json\/wp\/v2\/posts\/36983\/revisions\/50667"}],"wp:featuredmedia":[{"embeddable":true,"href":"https:\/\/www.anamt.org.br\/portal\/wp-json\/wp\/v2\/media\/35858"}],"wp:attachment":[{"href":"https:\/\/www.anamt.org.br\/portal\/wp-json\/wp\/v2\/media?parent=36983"}],"wp:term":[{"taxonomy":"category","embeddable":true,"href":"https:\/\/www.anamt.org.br\/portal\/wp-json\/wp\/v2\/categories?post=36983"},{"taxonomy":"post_tag","embeddable":true,"href":"https:\/\/www.anamt.org.br\/portal\/wp-json\/wp\/v2\/tags?post=36983"}],"curies":[{"name":"wp","href":"https:\/\/api.w.org\/{rel}","templated":true}]}}