{"id":36981,"date":"2019-05-03T14:31:15","date_gmt":"2019-05-03T17:31:15","guid":{"rendered":"https:\/\/www.anamt.org.br\/portal\/?p=36981"},"modified":"2019-05-03T14:33:32","modified_gmt":"2019-05-03T17:33:32","slug":"4o-curso-de-medicina-hiperbarica-do-rj-condicoes-especiais-para-associados-da-anamt","status":"publish","type":"post","link":"https:\/\/www.anamt.org.br\/portal\/2019\/05\/03\/4o-curso-de-medicina-hiperbarica-do-rj-condicoes-especiais-para-associados-da-anamt\/","title":{"rendered":"4\u00ba Curso de Medicina Hiperb\u00e1rica: condi\u00e7\u00f5es especiais para associados"},"content":{"rendered":"<p><img decoding=\"async\" class=\"aligncenter size-full\" src=\"https:\/\/www.hiperbarica.rio.br\/site\/Curso\/Imagens\/LOGO.png\" width=\"707\" height=\"250\" \/><\/p>\n<p>De 10 a 15 de junho ocorrer\u00e1 a 4\u00aa edi\u00e7\u00e3o do Curso de Medicina Hiperb\u00e1rica do Rio de Janeiro, curso oficial da Sociedade Brasileira de Medicina Hiperb\u00e1rica e organizado pela Hiperb\u00e1rica Hospitalar, no Rio de Janeiro. Ser\u00e3o 40 horas de aulas te\u00f3ricas com \u00eanfase na Oxigenoterapia Hiperb\u00e1rica e no tratamento de feridas. O curso conta com uma visita ao Centro Hiperb\u00e1rico da Marinha do Brasil, do Centro de Instru\u00e7\u00f5es e Adestramento \u00c1ttila Monteiro Ach\u00e9 (um dos cinco existentes em todo o mundo).<\/p>\n<p>Associados da ANAMT ter\u00e3o 10% de desconto na inscri\u00e7\u00e3o para as aulas. <a href=\"https:\/\/www.hiperbarica.rio.br\/site\/Curso\/Default.aspx\" target=\"_blank\" rel=\"noopener\">Saiba mais informa\u00e7\u00f5es e garanta a sua participa\u00e7\u00e3o aqui.<\/a><\/p>\n","protected":false},"excerpt":{"rendered":"<p>De 10 a 15 de junho ocorrer\u00e1 a 4\u00aa edi\u00e7\u00e3o do Curso de Medicina Hiperb\u00e1rica do Rio de Janeiro, curso oficial da Sociedade Brasileira de Medicina Hiperb\u00e1rica e organizado pela Hiperb\u00e1rica Hospitalar, no Rio de Janeiro. Ser\u00e3o 40 horas de aulas te\u00f3ricas com \u00eanfase na Oxigenoterapia Hiperb\u00e1rica e no tratamento de feridas. O curso conta [&hellip;]<\/p>\n","protected":false},"author":1,"featured_media":36985,"comment_status":"closed","ping_status":"closed","sticky":false,"template":"","format":"standard","meta":{"footnotes":""},"categories":[78],"tags":[],"_links":{"self":[{"href":"https:\/\/www.anamt.org.br\/portal\/wp-json\/wp\/v2\/posts\/36981"}],"collection":[{"href":"https:\/\/www.anamt.org.br\/portal\/wp-json\/wp\/v2\/posts"}],"about":[{"href":"https:\/\/www.anamt.org.br\/portal\/wp-json\/wp\/v2\/types\/post"}],"author":[{"embeddable":true,"href":"https:\/\/www.anamt.org.br\/portal\/wp-json\/wp\/v2\/users\/1"}],"replies":[{"embeddable":true,"href":"https:\/\/www.anamt.org.br\/portal\/wp-json\/wp\/v2\/comments?post=36981"}],"version-history":[{"count":0,"href":"https:\/\/www.anamt.org.br\/portal\/wp-json\/wp\/v2\/posts\/36981\/revisions"}],"wp:featuredmedia":[{"embeddable":true,"href":"https:\/\/www.anamt.org.br\/portal\/wp-json\/wp\/v2\/media\/36985"}],"wp:attachment":[{"href":"https:\/\/www.anamt.org.br\/portal\/wp-json\/wp\/v2\/media?parent=36981"}],"wp:term":[{"taxonomy":"category","embeddable":true,"href":"https:\/\/www.anamt.org.br\/portal\/wp-json\/wp\/v2\/categories?post=36981"},{"taxonomy":"post_tag","embeddable":true,"href":"https:\/\/www.anamt.org.br\/portal\/wp-json\/wp\/v2\/tags?post=36981"}],"curies":[{"name":"wp","href":"https:\/\/api.w.org\/{rel}","templated":true}]}}