{"id":36965,"date":"2019-05-02T14:46:18","date_gmt":"2019-05-02T17:46:18","guid":{"rendered":"https:\/\/www.anamt.org.br\/portal\/?p=36965"},"modified":"2019-05-02T15:01:27","modified_gmt":"2019-05-02T18:01:27","slug":"17o-congresso-nacional-edicao-especial-da-rbmt-reune-producao-cientifica","status":"publish","type":"post","link":"https:\/\/www.anamt.org.br\/portal\/2019\/05\/02\/17o-congresso-nacional-edicao-especial-da-rbmt-reune-producao-cientifica\/","title":{"rendered":"17\u00ba Congresso Nacional: edi\u00e7\u00e3o especial da RBMT re\u00fane produ\u00e7\u00e3o cient\u00edfica"},"content":{"rendered":"<p>Qual \u00e9 o amanh\u00e3 que os M\u00e9dicos do Trabalho podem esperar para especialidade? Quais s\u00e3o os principais desafios que devem ser enfrentados hoje para ampliar o reconhecimento dos profissionais e melhorar a qualidade de vida dos trabalhadores?<\/p>\n<p>Essas s\u00e3o algumas das perguntas que o programa cient\u00edfico do 17\u00ba Congresso Nacional da ANAMT busca responder. Desse exerc\u00edcio coletivo nasceu uma programa\u00e7\u00e3o complexa, densa e variada, que busca despertar e facilitar a discuss\u00e3o dos m\u00faltiplos campos de interesses e pr\u00e1ticas \u2014 caracter\u00edsticas da Medicina do Trabalho praticada no Brasil. Para enriquecer ainda mais esses debates, a Associa\u00e7\u00e3o divulga <a href=\"http:\/\/rbmt.org.br\/summary\/42\" target=\"_blank\" rel=\"noopener\">um n\u00famero especial da Revista Brasileira de Medicina do Trabalho<\/a> com os registros de aspectos importantes da programa\u00e7\u00e3o t\u00e9cnico-cient\u00edfica da reuni\u00e3o.<\/p>\n<p>Nesta edi\u00e7\u00e3o da RBMT consta o produto cient\u00edfico do Congresso, com os resumos expandidos de temas que ser\u00e3o abordados nas sess\u00f5es de Confer\u00eancias e Semiplen\u00e1rias. A edi\u00e7\u00e3o tamb\u00e9m publica as contribui\u00e7\u00f5es dos participantes e congressistas, que submeteram suas experi\u00eancias como resumos de trabalhos cient\u00edficos e ir\u00e3o apresentar seus resultados, discuss\u00f5es e conclus\u00f5es ao longo dos dias do evento.<\/p>\n<p><a href=\"http:\/\/rbmt.org.br\/summary\/42\" target=\"_blank\" rel=\"noopener\">Confira aqui a publica\u00e7\u00e3o na \u00edntegra.<\/a><\/p>\n<h3 class=\"entry-title fusion-post-title\">Garanta sua inscri\u00e7\u00e3o<\/h3>\n<p>O 17\u00ba Congresso Nacional da ANAMT ser\u00e1 realizado entre os dias 15 e 18 de maio, em Bras\u00edlia, e ter\u00e1 como tema central \u201cValores Essenciais Frente \u00e0s Transforma\u00e7\u00f5es do Trabalho: Hoje e Amanh\u00e3\u201d. Inscreva-se agora e garanta a sua participa\u00e7\u00e3o no evento: <a href=\"http:\/\/www.congressoanamt2019.com.br\/\">http:\/\/www.congressoanamt2019.com.br\/<\/a><\/p>\n<p>Para mais informa\u00e7\u00f5es e d\u00favidas, entre em contato com a Secretaria da ANAMT pelo telefone (11) 3251-0849 ou pelo e-mail <em>secretaria@staging.anamt.org.br<\/em>.<\/p>\n<div style=\"width: 640px;\" class=\"wp-video\"><!--[if lt IE 9]><script>document.createElement('video');<\/script><![endif]-->\n<video class=\"wp-video-shortcode\" id=\"video-36965-1\" width=\"640\" height=\"360\" preload=\"metadata\" controls=\"controls\"><source type=\"video\/mp4\" src=\"http:\/\/www.sistemasanamt.org.br\/anamt\/site\/videos\/chamada-anamt-congresso-2019.mp4?_=1\" \/><a href=\"http:\/\/www.sistemasanamt.org.br\/anamt\/site\/videos\/chamada-anamt-congresso-2019.mp4\">http:\/\/www.sistemasanamt.org.br\/anamt\/site\/videos\/chamada-anamt-congresso-2019.mp4<\/a><\/video><\/div>\n<p>Saiba mais <a href=\"https:\/\/bit.ly\/2TZe11W\">sobre o evento<\/a> aqui!<\/p>\n","protected":false},"excerpt":{"rendered":"<p>Qual \u00e9 o amanh\u00e3 que os M\u00e9dicos do Trabalho podem esperar para especialidade? Quais s\u00e3o os principais desafios que devem ser enfrentados hoje para ampliar o reconhecimento dos profissionais e melhorar a qualidade de vida dos trabalhadores? Essas s\u00e3o algumas das perguntas que o programa cient\u00edfico do 17\u00ba Congresso Nacional da ANAMT busca responder. Desse [&hellip;]<\/p>\n","protected":false},"author":1,"featured_media":33610,"comment_status":"closed","ping_status":"closed","sticky":false,"template":"","format":"standard","meta":{"footnotes":""},"categories":[78],"tags":[],"_links":{"self":[{"href":"https:\/\/www.anamt.org.br\/portal\/wp-json\/wp\/v2\/posts\/36965"}],"collection":[{"href":"https:\/\/www.anamt.org.br\/portal\/wp-json\/wp\/v2\/posts"}],"about":[{"href":"https:\/\/www.anamt.org.br\/portal\/wp-json\/wp\/v2\/types\/post"}],"author":[{"embeddable":true,"href":"https:\/\/www.anamt.org.br\/portal\/wp-json\/wp\/v2\/users\/1"}],"replies":[{"embeddable":true,"href":"https:\/\/www.anamt.org.br\/portal\/wp-json\/wp\/v2\/comments?post=36965"}],"version-history":[{"count":0,"href":"https:\/\/www.anamt.org.br\/portal\/wp-json\/wp\/v2\/posts\/36965\/revisions"}],"wp:featuredmedia":[{"embeddable":true,"href":"https:\/\/www.anamt.org.br\/portal\/wp-json\/wp\/v2\/media\/33610"}],"wp:attachment":[{"href":"https:\/\/www.anamt.org.br\/portal\/wp-json\/wp\/v2\/media?parent=36965"}],"wp:term":[{"taxonomy":"category","embeddable":true,"href":"https:\/\/www.anamt.org.br\/portal\/wp-json\/wp\/v2\/categories?post=36965"},{"taxonomy":"post_tag","embeddable":true,"href":"https:\/\/www.anamt.org.br\/portal\/wp-json\/wp\/v2\/tags?post=36965"}],"curies":[{"name":"wp","href":"https:\/\/api.w.org\/{rel}","templated":true}]}}