{"id":36907,"date":"2019-04-26T16:59:12","date_gmt":"2019-04-26T19:59:12","guid":{"rendered":"https:\/\/www.anamt.org.br\/portal\/?p=36907"},"modified":"2019-04-26T17:21:54","modified_gmt":"2019-04-26T20:21:54","slug":"17o-congresso-nacional-programacao-de-cursos-pre-congresso-marcara-primeiro-dia-do-evento","status":"publish","type":"post","link":"https:\/\/www.anamt.org.br\/portal\/2019\/04\/26\/17o-congresso-nacional-programacao-de-cursos-pre-congresso-marcara-primeiro-dia-do-evento\/","title":{"rendered":"17\u00ba Congresso Nacional: cursos marcar\u00e3o primeiro dia do evento"},"content":{"rendered":"<p><a href=\"https:\/\/www.anamt.org.br\/portal\/wp-content\/uploads\/2019\/02\/vitrine_ANAMT_v11_2.jpg\"><img decoding=\"async\" class=\"wp-image-36366 size-full aligncenter\" src=\"https:\/\/www.anamt.org.br\/portal\/wp-content\/uploads\/2019\/02\/vitrine_ANAMT_v11_2.jpg\" alt=\"\" width=\"650\" height=\"292\" srcset=\"https:\/\/www.anamt.org.br\/portal\/wp-content\/uploads\/2019\/02\/vitrine_ANAMT_v11_2-200x90.jpg 200w, https:\/\/www.anamt.org.br\/portal\/wp-content\/uploads\/2019\/02\/vitrine_ANAMT_v11_2-300x135.jpg 300w, https:\/\/www.anamt.org.br\/portal\/wp-content\/uploads\/2019\/02\/vitrine_ANAMT_v11_2-400x180.jpg 400w, https:\/\/www.anamt.org.br\/portal\/wp-content\/uploads\/2019\/02\/vitrine_ANAMT_v11_2-600x270.jpg 600w, https:\/\/www.anamt.org.br\/portal\/wp-content\/uploads\/2019\/02\/vitrine_ANAMT_v11_2.jpg 650w\" sizes=\"(max-width: 650px) 100vw, 650px\" \/><\/a><\/p>\n<p>Qual \u00e9 o amanh\u00e3 que os M\u00e9dicos do Trabalho podem esperar para especialidade? Quais s\u00e3o os principais desafios que devem ser enfrentados hoje para ampliar o reconhecimento dos profissionais e melhorar a qualidade de vida dos trabalhadores?<\/p>\n<p>Essas s\u00e3o algumas das perguntas que a programa\u00e7\u00e3o cient\u00edfica do 17\u00ba Congresso Nacional da ANAMT busca responder. O evento, que acontece a cada tr\u00eas anos, ser\u00e1 realizado dos dias 15 a 18 de maio de 2019, em Bras\u00edlia, e ter\u00e1 como tema central \u201cValores Essenciais Frente \u00e0s Transforma\u00e7\u00f5es do Trabalho: Hoje e Amanh\u00e3\u201d.<\/p>\n<p>O Congresso possibilitar\u00e1 aos participantes se atualizarem sobre diferentes temas relacionados \u00e0 especialidade, e a troca de experi\u00eancias. No primeiro dia do 17\u00ba Congresso Nacional da ANAMT, ser\u00e3o realizados cursos sobre temas atualmente debatidos na especialidade.<\/p>\n<p>Assuntos como as <a href=\"https:\/\/www.anamt.org.br\/portal\/2019\/02\/26\/17o-congresso-nacional-da-anamt-curso-pre-congresso-abordara-o-esocial-e-a-area-de-sst\/\">mudan\u00e7as trazidas pelo eSocial<\/a>, a <a href=\"https:\/\/www.anamt.org.br\/portal\/2019\/02\/20\/17o-congresso-nacional-da-anamt-aprendizado-pratico-sobre-gestao-integrada-de-saude-corporativa\/\">gest\u00e3o integrada de sa\u00fade corporativa na pr\u00e1tica<\/a>, o <a href=\"https:\/\/www.anamt.org.br\/portal\/2019\/01\/22\/17o-congresso-nacional-da-anamt-curso-pre-congresso-aborda-laboratorio-de-mudancas\/\">conceito de Laborat\u00f3rio de Mudan\u00e7a<\/a> e <a href=\"https:\/\/www.anamt.org.br\/portal\/2019\/01\/29\/pericia-medica-curso-no-17o-congresso-nacional-da-anamt-trara-abordara-casos-praticos\/\">Per\u00edcia M\u00e9dica<\/a> ser\u00e3o abordados.<\/p>\n<p>Conhe\u00e7a parte da programa\u00e7\u00e3o:<\/p>\n<blockquote>\n<h3>Inclus\u00e3o da pessoa com defici\u00eancia (PcD) no Mercado de Trabalho<\/h3>\n<p>A inclus\u00e3o das pessoas com defici\u00eancia \u00e9 um processo que se inicia na fam\u00edlia, passa pelas escolas e continua no trabalho. Os aspectos t\u00e9cnicos, \u00e9ticos e organizacionais envolvidos na <a href=\"https:\/\/www.anamt.org.br\/portal\/2019\/02\/12\/17o-congresso-nacional-da-anamt-inclusao-da-pessoa-com-deficiencia-sera-abordada-em-curso\/\">inclus\u00e3o de pessoas com defici\u00eancia no trabalho ser\u00e3o debatidos no curso<\/a>, coordenado pela presidente da Comiss\u00e3o T\u00e9cnica de Inclus\u00e3o e Diversidade da ANAMT, Daniela Bortman, e contar\u00e1 com a presen\u00e7a do professor Dr. Jos\u00e9 Carlos do Carmo.<\/p>\n<h3>Sa\u00fade mental nas organiza\u00e7\u00f5es<\/h3>\n<p>O curso abordar\u00e1, entre outros temas, transtornos mentais recorrentes, repercuss\u00f5es sociais da sa\u00fade mental e a abordagem do tema ao longo dos anos e no mercado de trabalho. A apresenta\u00e7\u00e3o contar\u00e1 com o coordenador Prof. Sergio Roberto de Lucca e a professora Dra. Camila Helaehil Alfredo.<\/p>\n<h3>Pontos b\u00e1sicos para a pr\u00e1tica efetiva da ergonomia no Brasil nos tempos atuais<\/h3>\n<p>Segundo pesquisas estat\u00edsticas realizadas entre 2016 e 2017, ocorreram 893 acidentes t\u00edpicos em grandes empresas. O fator de m\u00e1 condi\u00e7\u00e3o de ergonomia \u00e9 origem em mais de 41% desses casos. Esse cen\u00e1rio ser\u00e1 apresentado pelo Dr. Hudson Couto, em curso coordenado pelo Dr. Paulo Ant\u00f4nio Barros Oliveira.<\/p>\n<h3>Gerenciamento de crise \u2013 o M\u00e9dico do Trabalho como mediador de conflitos<\/h3>\n<p>O curso ministrado em ingl\u00eas pelo m\u00e9dico luxemburgu\u00eas Dr. Marc Jacoby, com coordena\u00e7\u00e3o da Dra. Raquel Bonesana, debater\u00e1 estrat\u00e9gias da Medicina do Trabalho aplicadas no gerenciamento de crises, como recurso para antecipar, prevenir e solucionar problem\u00e1ticas.<\/p>\n<h3>Otorrinolaringologia ocupacional<\/h3>\n<p>Como conduzir as doen\u00e7as do ouvido relacionadas ao trabalho? Essa e outras quest\u00f5es ser\u00e3o respondidas no intuito de um melhor entendimento das patologias otorrinolaringol\u00f3gicas de origem ocupacional. O curso conta com coordena\u00e7\u00e3o da Dra. Mara Gandara e ser\u00e1 ministrado pela professora Dra. Luciana Watanabe.<\/p><\/blockquote>\n<p>Confira toda a programa\u00e7\u00e3o, inscreva-se agora e garanta a sua participa\u00e7\u00e3o no evento: <a href=\"http:\/\/www.congressoanamt2019.com.br\/\">http:\/\/www.congressoanamt2019.com.br\/<\/a><\/p>\n<p>Para mais informa\u00e7\u00f5es e d\u00favidas, entre em contato com a Secretaria da ANAMT pelo telefone (11) 3251-0849 ou pelo e-mail <em>secretaria@staging.anamt.org.br<\/em>.<\/p>\n<div style=\"width: 640px;\" class=\"wp-video\"><!--[if lt IE 9]><script>document.createElement('video');<\/script><![endif]-->\n<video class=\"wp-video-shortcode\" id=\"video-36907-1\" width=\"640\" height=\"360\" preload=\"metadata\" controls=\"controls\"><source type=\"video\/mp4\" src=\"http:\/\/www.sistemasanamt.org.br\/anamt\/site\/videos\/chamada-anamt-congresso-2019.mp4?_=1\" \/><a href=\"http:\/\/www.sistemasanamt.org.br\/anamt\/site\/videos\/chamada-anamt-congresso-2019.mp4\">http:\/\/www.sistemasanamt.org.br\/anamt\/site\/videos\/chamada-anamt-congresso-2019.mp4<\/a><\/video><\/div>\n<p>Saiba mais <a href=\"https:\/\/bit.ly\/2TZe11W\">sobre o evento<\/a> aqui!<\/p>\n","protected":false},"excerpt":{"rendered":"<p>Qual \u00e9 o amanh\u00e3 que os M\u00e9dicos do Trabalho podem esperar para especialidade? Quais s\u00e3o os principais desafios que devem ser enfrentados hoje para ampliar o reconhecimento dos profissionais e melhorar a qualidade de vida dos trabalhadores? Essas s\u00e3o algumas das perguntas que a programa\u00e7\u00e3o cient\u00edfica do 17\u00ba Congresso Nacional da ANAMT busca responder. O [&hellip;]<\/p>\n","protected":false},"author":1,"featured_media":35858,"comment_status":"closed","ping_status":"closed","sticky":false,"template":"","format":"standard","meta":{"footnotes":""},"categories":[78],"tags":[],"_links":{"self":[{"href":"https:\/\/www.anamt.org.br\/portal\/wp-json\/wp\/v2\/posts\/36907"}],"collection":[{"href":"https:\/\/www.anamt.org.br\/portal\/wp-json\/wp\/v2\/posts"}],"about":[{"href":"https:\/\/www.anamt.org.br\/portal\/wp-json\/wp\/v2\/types\/post"}],"author":[{"embeddable":true,"href":"https:\/\/www.anamt.org.br\/portal\/wp-json\/wp\/v2\/users\/1"}],"replies":[{"embeddable":true,"href":"https:\/\/www.anamt.org.br\/portal\/wp-json\/wp\/v2\/comments?post=36907"}],"version-history":[{"count":0,"href":"https:\/\/www.anamt.org.br\/portal\/wp-json\/wp\/v2\/posts\/36907\/revisions"}],"wp:featuredmedia":[{"embeddable":true,"href":"https:\/\/www.anamt.org.br\/portal\/wp-json\/wp\/v2\/media\/35858"}],"wp:attachment":[{"href":"https:\/\/www.anamt.org.br\/portal\/wp-json\/wp\/v2\/media?parent=36907"}],"wp:term":[{"taxonomy":"category","embeddable":true,"href":"https:\/\/www.anamt.org.br\/portal\/wp-json\/wp\/v2\/categories?post=36907"},{"taxonomy":"post_tag","embeddable":true,"href":"https:\/\/www.anamt.org.br\/portal\/wp-json\/wp\/v2\/tags?post=36907"}],"curies":[{"name":"wp","href":"https:\/\/api.w.org\/{rel}","templated":true}]}}