{"id":36900,"date":"2019-04-25T13:17:16","date_gmt":"2019-04-25T16:17:16","guid":{"rendered":"https:\/\/www.anamt.org.br\/portal\/?p=36900"},"modified":"2019-04-25T14:44:47","modified_gmt":"2019-04-25T17:44:47","slug":"17o-congresso-nacional-participacao-no-evento-confere-pontos-no-cna","status":"publish","type":"post","link":"https:\/\/www.anamt.org.br\/portal\/2019\/04\/25\/17o-congresso-nacional-participacao-no-evento-confere-pontos-no-cna\/","title":{"rendered":"17\u00ba Congresso Nacional: participa\u00e7\u00e3o no evento confere pontos na CNA"},"content":{"rendered":"<p><a href=\"https:\/\/www.anamt.org.br\/portal\/wp-content\/uploads\/2019\/02\/vitrine_ANAMT_v11_2.jpg\"><img decoding=\"async\" class=\"wp-image-36366 size-full aligncenter\" src=\"https:\/\/www.anamt.org.br\/portal\/wp-content\/uploads\/2019\/02\/vitrine_ANAMT_v11_2.jpg\" alt=\"\" width=\"650\" height=\"292\" srcset=\"https:\/\/www.anamt.org.br\/portal\/wp-content\/uploads\/2019\/02\/vitrine_ANAMT_v11_2-200x90.jpg 200w, https:\/\/www.anamt.org.br\/portal\/wp-content\/uploads\/2019\/02\/vitrine_ANAMT_v11_2-300x135.jpg 300w, https:\/\/www.anamt.org.br\/portal\/wp-content\/uploads\/2019\/02\/vitrine_ANAMT_v11_2-400x180.jpg 400w, https:\/\/www.anamt.org.br\/portal\/wp-content\/uploads\/2019\/02\/vitrine_ANAMT_v11_2-600x270.jpg 600w, https:\/\/www.anamt.org.br\/portal\/wp-content\/uploads\/2019\/02\/vitrine_ANAMT_v11_2.jpg 650w\" sizes=\"(max-width: 650px) 100vw, 650px\" \/><\/a><\/p>\n<p>Qual \u00e9 o amanh\u00e3 que os M\u00e9dicos do Trabalho podem esperar para especialidade? Quais s\u00e3o os principais desafios que devem ser enfrentados hoje para ampliar o reconhecimento dos profissionais e melhorar a qualidade de vida dos trabalhadores?<\/p>\n<p>Essas s\u00e3o algumas das perguntas que a programa\u00e7\u00e3o cient\u00edfica do 17\u00ba Congresso Nacional da ANAMT busca responder. O evento, que acontece a cada tr\u00eas anos, ser\u00e1 realizado dos dias 15 a 18 de maio de 2019, em Bras\u00edlia, e ter\u00e1 como tema central \u201cValores Essenciais Frente \u00e0s Transforma\u00e7\u00f5es do Trabalho: Hoje e Amanh\u00e3\u201d.<\/p>\n<p>O Congresso possibilitar\u00e1 aos participantes se atualizarem sobre diferentes temas relacionados \u00e0 especialidade, e a troca de experi\u00eancias. Para prover uma experi\u00eancia ainda mais completa, a participa\u00e7\u00e3o presencial na atividade confere 20 pontos no selo na Comiss\u00e3o Nacional de Acredita\u00e7\u00e3o (CNA).<\/p>\n<p>Inscreva-se agora e garanta a sua participa\u00e7\u00e3o no evento: <a href=\"http:\/\/www.congressoanamt2019.com.br\/\">http:\/\/www.congressoanamt2019.com.br\/<\/a><\/p>\n<p>Para mais informa\u00e7\u00f5es e d\u00favidas, entre em contato com a Secretaria da ANAMT pelo telefone (11) 3251-0849 ou pelo e-mail <em>secretaria@staging.anamt.org.br<\/em>.<\/p>\n<div style=\"width: 640px;\" class=\"wp-video\"><!--[if lt IE 9]><script>document.createElement('video');<\/script><![endif]-->\n<video class=\"wp-video-shortcode\" id=\"video-36900-1\" width=\"640\" height=\"360\" preload=\"metadata\" controls=\"controls\"><source type=\"video\/mp4\" src=\"http:\/\/www.sistemasanamt.org.br\/anamt\/site\/videos\/chamada-anamt-congresso-2019.mp4?_=1\" \/><a href=\"http:\/\/www.sistemasanamt.org.br\/anamt\/site\/videos\/chamada-anamt-congresso-2019.mp4\">http:\/\/www.sistemasanamt.org.br\/anamt\/site\/videos\/chamada-anamt-congresso-2019.mp4<\/a><\/video><\/div>\n<p>Saiba mais <a href=\"https:\/\/bit.ly\/2TZe11W\">sobre o evento<\/a> aqui!<\/p>\n","protected":false},"excerpt":{"rendered":"<p>Qual \u00e9 o amanh\u00e3 que os M\u00e9dicos do Trabalho podem esperar para especialidade? Quais s\u00e3o os principais desafios que devem ser enfrentados hoje para ampliar o reconhecimento dos profissionais e melhorar a qualidade de vida dos trabalhadores? Essas s\u00e3o algumas das perguntas que a programa\u00e7\u00e3o cient\u00edfica do 17\u00ba Congresso Nacional da ANAMT busca responder. O [&hellip;]<\/p>\n","protected":false},"author":1,"featured_media":35858,"comment_status":"closed","ping_status":"closed","sticky":false,"template":"","format":"standard","meta":{"footnotes":""},"categories":[78],"tags":[],"_links":{"self":[{"href":"https:\/\/www.anamt.org.br\/portal\/wp-json\/wp\/v2\/posts\/36900"}],"collection":[{"href":"https:\/\/www.anamt.org.br\/portal\/wp-json\/wp\/v2\/posts"}],"about":[{"href":"https:\/\/www.anamt.org.br\/portal\/wp-json\/wp\/v2\/types\/post"}],"author":[{"embeddable":true,"href":"https:\/\/www.anamt.org.br\/portal\/wp-json\/wp\/v2\/users\/1"}],"replies":[{"embeddable":true,"href":"https:\/\/www.anamt.org.br\/portal\/wp-json\/wp\/v2\/comments?post=36900"}],"version-history":[{"count":0,"href":"https:\/\/www.anamt.org.br\/portal\/wp-json\/wp\/v2\/posts\/36900\/revisions"}],"wp:featuredmedia":[{"embeddable":true,"href":"https:\/\/www.anamt.org.br\/portal\/wp-json\/wp\/v2\/media\/35858"}],"wp:attachment":[{"href":"https:\/\/www.anamt.org.br\/portal\/wp-json\/wp\/v2\/media?parent=36900"}],"wp:term":[{"taxonomy":"category","embeddable":true,"href":"https:\/\/www.anamt.org.br\/portal\/wp-json\/wp\/v2\/categories?post=36900"},{"taxonomy":"post_tag","embeddable":true,"href":"https:\/\/www.anamt.org.br\/portal\/wp-json\/wp\/v2\/tags?post=36900"}],"curies":[{"name":"wp","href":"https:\/\/api.w.org\/{rel}","templated":true}]}}