{"id":36871,"date":"2019-04-17T10:21:20","date_gmt":"2019-04-17T13:21:20","guid":{"rendered":"https:\/\/www.anamt.org.br\/portal\/?p=36871"},"modified":"2019-04-17T10:21:20","modified_gmt":"2019-04-17T13:21:20","slug":"voce-e-o-nosso-convidado-para-o-17o-congresso-nacional-da-anamt","status":"publish","type":"post","link":"https:\/\/www.anamt.org.br\/portal\/2019\/04\/17\/voce-e-o-nosso-convidado-para-o-17o-congresso-nacional-da-anamt\/","title":{"rendered":"Voc\u00ea \u00e9 o nosso convidado para o 17\u00ba Congresso Nacional da ANAMT"},"content":{"rendered":"<p>Voc\u00ea \u00e9 o nosso convidado para o 17\u00ba Congresso Nacional da ANAMT, que reunir\u00e1 os maiores especialistas da Sa\u00fade e Seguran\u00e7a do Trabalho entre os dias 15 e 18 de maio em Bras\u00edlia (DF). E sabia que, se voc\u00ea se inscrever at\u00e9 o dia 21 de abril, concorre a um curso gr\u00e1tis?<\/p>\n<div style=\"width: 640px;\" class=\"wp-video\"><!--[if lt IE 9]><script>document.createElement('video');<\/script><![endif]-->\n<video class=\"wp-video-shortcode\" id=\"video-36871-1\" width=\"640\" height=\"360\" preload=\"metadata\" controls=\"controls\"><source type=\"video\/mp4\" src=\"http:\/\/www.sistemasanamt.org.br\/anamt\/site\/videos\/chamada-anamt-congresso-2019.mp4?_=1\" \/><a href=\"http:\/\/www.sistemasanamt.org.br\/anamt\/site\/videos\/chamada-anamt-congresso-2019.mp4\">http:\/\/www.sistemasanamt.org.br\/anamt\/site\/videos\/chamada-anamt-congresso-2019.mp4<\/a><\/video><\/div>\n<p>Confirme sua presen\u00e7a: <a href=\"http:\/\/www.congressoanamt2019.com.br\/\" target=\"_blank\" rel=\"noopener nofollow\" data-ft=\"{&quot;tn&quot;:&quot;-U&quot;}\" data-lynx-mode=\"async\" data-lynx-uri=\"http:\/\/www.congressoanamt2019.com.br\/\">http:\/\/www.congressoanamt2019.com.br\/<\/a><\/p>\n<p>Saiba mais <a href=\"https:\/\/bit.ly\/2TZe11W\">sobre o evento<\/a> aqui!<\/p>\n","protected":false},"excerpt":{"rendered":"<p>Voc\u00ea \u00e9 o nosso convidado para o 17\u00ba Congresso Nacional da ANAMT, que reunir\u00e1 os maiores especialistas da Sa\u00fade e Seguran\u00e7a do Trabalho entre os dias 15 e 18 de maio em Bras\u00edlia (DF). E sabia que, se voc\u00ea se inscrever at\u00e9 o dia 21 de abril, concorre a um curso gr\u00e1tis? Confirme sua presen\u00e7a: [&hellip;]<\/p>\n","protected":false},"author":1,"featured_media":35858,"comment_status":"closed","ping_status":"closed","sticky":false,"template":"","format":"standard","meta":{"footnotes":""},"categories":[78],"tags":[],"_links":{"self":[{"href":"https:\/\/www.anamt.org.br\/portal\/wp-json\/wp\/v2\/posts\/36871"}],"collection":[{"href":"https:\/\/www.anamt.org.br\/portal\/wp-json\/wp\/v2\/posts"}],"about":[{"href":"https:\/\/www.anamt.org.br\/portal\/wp-json\/wp\/v2\/types\/post"}],"author":[{"embeddable":true,"href":"https:\/\/www.anamt.org.br\/portal\/wp-json\/wp\/v2\/users\/1"}],"replies":[{"embeddable":true,"href":"https:\/\/www.anamt.org.br\/portal\/wp-json\/wp\/v2\/comments?post=36871"}],"version-history":[{"count":0,"href":"https:\/\/www.anamt.org.br\/portal\/wp-json\/wp\/v2\/posts\/36871\/revisions"}],"wp:featuredmedia":[{"embeddable":true,"href":"https:\/\/www.anamt.org.br\/portal\/wp-json\/wp\/v2\/media\/35858"}],"wp:attachment":[{"href":"https:\/\/www.anamt.org.br\/portal\/wp-json\/wp\/v2\/media?parent=36871"}],"wp:term":[{"taxonomy":"category","embeddable":true,"href":"https:\/\/www.anamt.org.br\/portal\/wp-json\/wp\/v2\/categories?post=36871"},{"taxonomy":"post_tag","embeddable":true,"href":"https:\/\/www.anamt.org.br\/portal\/wp-json\/wp\/v2\/tags?post=36871"}],"curies":[{"name":"wp","href":"https:\/\/api.w.org\/{rel}","templated":true}]}}