{"id":36858,"date":"2019-04-12T12:19:40","date_gmt":"2019-04-12T15:19:40","guid":{"rendered":"https:\/\/www.anamt.org.br\/portal\/?p=36858"},"modified":"2019-04-12T12:19:40","modified_gmt":"2019-04-12T15:19:40","slug":"alteracoes-na-nr-22-visam-garantir-seguranca-em-barragens","status":"publish","type":"post","link":"https:\/\/www.anamt.org.br\/portal\/2019\/04\/12\/alteracoes-na-nr-22-visam-garantir-seguranca-em-barragens\/","title":{"rendered":"Altera\u00e7\u00f5es na NR 22 visam garantir seguran\u00e7a em barragens"},"content":{"rendered":"<p>Publicada <a href=\"https:\/\/www.anamt.org.br\/portal\/2019\/04\/12\/36851\/\">hoje (12) no Di\u00e1rio Oficial da Uni\u00e3o<\/a>, a Portaria n\u00ba 210 acrescentou subitens no item 22.6.1 &#8211; Organiza\u00e7\u00f5es dos Locais de Trabalho da NR 22 (Seguran\u00e7a e Sa\u00fade Ocupacional na Minera\u00e7\u00e3o), atendendo a debates levantados desde a trag\u00e9dia de Brumadinho.<\/p>\n<div>Conforme as altera\u00e7\u00f5es dispostas no subitem 22.6.1.1, fica proibida a concep\u00e7\u00e3o, constru\u00e7\u00e3o, manuten\u00e7\u00e3o e funcionamento de instala\u00e7\u00f5es destinadas a atividades administrativas, de viv\u00eancia, de sa\u00fade e de recrea\u00e7\u00e3o da empresa ou Permission\u00e1rio de Lavra Garimpeira localizadas nas \u00e1reas \u00e0 jusante de barragem sujeitas \u00e0 inunda\u00e7\u00e3o em caso de rompimento. Tais situa\u00e7\u00f5es s\u00e3o consideradas de risco grave e iminente e pass\u00edveis de interdi\u00e7\u00e3o da instala\u00e7\u00e3o da empresa ou Permission\u00e1rio de Lavra de Garimpeira que esteja em desconformidade. Somente est\u00e3o isentos desta proibi\u00e7\u00e3o instala\u00e7\u00f5es sanit\u00e1rias essenciais aos trabalhadores que atuam nestes locais.<\/div>\n<div><\/div>\n<div>S\u00e3o consideradas \u00e1reas de viv\u00eancia, conforme a portaria, as seguintes instala\u00e7\u00f5es: sanit\u00e1rias, vesti\u00e1rio, alojamento, local de refei\u00e7\u00f5es, cozinha, lavanderia, \u00e1rea de lazer e ambulat\u00f3rio.<\/div>\n<div><\/div>\n<div>A publica\u00e7\u00e3o estabelece o prazo de seis meses para aplica\u00e7\u00e3o das exig\u00eancias.<\/div>\n<h3>Brumadinho<\/h3>\n<div>Considerado o maior acidente de trabalho do Brasil, o rompimento da barragem B1 da Mina do C\u00f3rrego do Feij\u00e3o em Brumadinho\/MG no dia 25 de janeiro j\u00e1 soma 277 v\u00edtimas fatais, das quais 52 permanecem desaparecidas segundo a Defesa Civil do Estado. Comunicado emitido pela Organiza\u00e7\u00e3o Internacional do Trabalho afirma que a trag\u00e9dia \u00e9 o pior desastre de barragem no mundo da d\u00e9cada.<\/div>\n<div><\/div>\n<div>A maior parte dos mortos eram trabalhadores pr\u00f3prios e terceirizados da multinacional brasileira Vale, que se encontravam no refeit\u00f3rio e na sede administrativa da unidade, assim como na usina ITM de beneficiamento, vag\u00f5es de trens e ve\u00edculos que estavam na empresa. A lama tamb\u00e9m atingiu comunidades da cidade.<\/div>\n<div><\/div>\n<div><em>(Fonte: Revista Prote\u00e7\u00e3o)<\/em><\/div>\n<div><\/div>\n","protected":false},"excerpt":{"rendered":"<p>Publicada hoje (12) no Di\u00e1rio Oficial da Uni\u00e3o, a Portaria n\u00ba 210 acrescentou subitens no item 22.6.1 &#8211; Organiza\u00e7\u00f5es dos Locais de Trabalho da NR 22 (Seguran\u00e7a e Sa\u00fade Ocupacional na Minera\u00e7\u00e3o), atendendo a debates levantados desde a trag\u00e9dia de Brumadinho. Conforme as altera\u00e7\u00f5es dispostas no subitem 22.6.1.1, fica proibida a concep\u00e7\u00e3o, constru\u00e7\u00e3o, manuten\u00e7\u00e3o e [&hellip;]<\/p>\n","protected":false},"author":1,"featured_media":35825,"comment_status":"closed","ping_status":"closed","sticky":false,"template":"","format":"standard","meta":{"footnotes":""},"categories":[79],"tags":[],"_links":{"self":[{"href":"https:\/\/www.anamt.org.br\/portal\/wp-json\/wp\/v2\/posts\/36858"}],"collection":[{"href":"https:\/\/www.anamt.org.br\/portal\/wp-json\/wp\/v2\/posts"}],"about":[{"href":"https:\/\/www.anamt.org.br\/portal\/wp-json\/wp\/v2\/types\/post"}],"author":[{"embeddable":true,"href":"https:\/\/www.anamt.org.br\/portal\/wp-json\/wp\/v2\/users\/1"}],"replies":[{"embeddable":true,"href":"https:\/\/www.anamt.org.br\/portal\/wp-json\/wp\/v2\/comments?post=36858"}],"version-history":[{"count":0,"href":"https:\/\/www.anamt.org.br\/portal\/wp-json\/wp\/v2\/posts\/36858\/revisions"}],"wp:featuredmedia":[{"embeddable":true,"href":"https:\/\/www.anamt.org.br\/portal\/wp-json\/wp\/v2\/media\/35825"}],"wp:attachment":[{"href":"https:\/\/www.anamt.org.br\/portal\/wp-json\/wp\/v2\/media?parent=36858"}],"wp:term":[{"taxonomy":"category","embeddable":true,"href":"https:\/\/www.anamt.org.br\/portal\/wp-json\/wp\/v2\/categories?post=36858"},{"taxonomy":"post_tag","embeddable":true,"href":"https:\/\/www.anamt.org.br\/portal\/wp-json\/wp\/v2\/tags?post=36858"}],"curies":[{"name":"wp","href":"https:\/\/api.w.org\/{rel}","templated":true}]}}