{"id":36794,"date":"2019-04-01T12:12:28","date_gmt":"2019-04-01T15:12:28","guid":{"rendered":"https:\/\/www.anamt.org.br\/portal\/?p=36794"},"modified":"2019-04-01T12:12:28","modified_gmt":"2019-04-01T15:12:28","slug":"camara-projeto-preve-adicional-de-insalubridade-para-salva-vidas","status":"publish","type":"post","link":"https:\/\/www.anamt.org.br\/portal\/2019\/04\/01\/camara-projeto-preve-adicional-de-insalubridade-para-salva-vidas\/","title":{"rendered":"C\u00e2mara: projeto prev\u00ea adicional de insalubridade para salva-vidas"},"content":{"rendered":"<div id=\"conteudoNoticia\">\n<p>O Projeto de Lei 756\/19 regulamenta a profiss\u00e3o de guarda-vidas, prevendo adicional de insalubridade pela exposi\u00e7\u00e3o excessiva ao sol.<\/p>\n<p>O autor da proposta, deputado Bacelar (Pode-BA), alerta para o risco desses profissionais desenvolverem c\u00e2ncer de pele. \u201cIsso decorre da crescente exposi\u00e7\u00e3o aos raios ultravioletas A e B, visto que o hor\u00e1rio de trabalho se concentra no per\u00edodo de maior exposi\u00e7\u00e3o: de 10h as 16h\u201d, observou.<\/p>\n<p>Pelo texto, as praias, rios, lagos com altos \u00edndices de afogamentos e frequ\u00eancia de banhistas dever\u00e3o ter, no m\u00ednimo, dois guarda-vidas em espa\u00e7amento m\u00e1ximo de at\u00e9 400m entre postos de salvamento.<\/p>\n<p>O projeto tamb\u00e9m fixa carga hor\u00e1ria m\u00e1xima de 40 horas semanais de trabalho para os guarda-vidas e condiciona o exerc\u00edcio da profiss\u00e3o \u00e0 comprova\u00e7\u00e3o de conclus\u00e3o do ensino m\u00e9dio.<\/p>\n<p>J\u00e1 tramitou na C\u00e2mara proposta de igual teor (PL <a href=\"https:\/\/www2.camara.leg.br\/camaranoticias\/noticias\/TRABALHO-E-PREVIDENCIA\/516725-PROPOSTA-PREVE-ADICIONAL-DE-INSALUBRIDADE-PARA-SALVA-VIDAS.html\" target=\"_blank\" rel=\"noopener\">4887\/16<\/a>, do ex-deputado Cabo Daciolo), que chegou a ser aprovada pelas comiss\u00f5es de Seguran\u00e7a P\u00fablica e Combate ao Crime Organizado; e de Trabalho, de Administra\u00e7\u00e3o e Servi\u00e7o P\u00fablico. Mas o texto foi arquivado ao final da <span class=\"termoGlossario\" title=\"\" data-original-title=\"Espa\u00e7o de tempo durante o qual os legisladores exercem seu poder. No Brasil, a dura\u00e7\u00e3o da legislatura \u00e9 de quatro anos.  \">legislatura<\/span> passada.<\/p>\n<p><strong>Tramita\u00e7\u00e3o<\/strong><br \/>\nO projeto ser\u00e1 analisado em <span class=\"termoGlossario\" title=\"\" data-original-title=\"Rito de tramita\u00e7\u00e3o pelo qual o projeto \u00e9 votado apenas pelas comiss\u00f5es designadas para analis\u00e1-lo, dispensada a delibera\u00e7\u00e3o do Plen\u00e1rio. O projeto perde o car\u00e1ter conclusivo se houver decis\u00e3o divergente entre as comiss\u00f5es ou se, independentemente de ser aprovado ou rejeitado, houver recurso assinado por 52 deputados para a aprecia\u00e7\u00e3o da mat\u00e9ria no Plen\u00e1rio.\">car\u00e1ter conclusivo<\/span> pelas comiss\u00f5es de Trabalho, de Administra\u00e7\u00e3o e Servi\u00e7o P\u00fablico; e de Constitui\u00e7\u00e3o e Justi\u00e7a e de Cidadania.<\/p>\n<\/div>\n<div class=\"divBlocoContinuacao\">\n<div id=\"proposicao\">\n<h4>\u00cdntegra da proposta:<\/h4>\n<ul>\n<li><a href=\"http:\/\/www.camara.gov.br\/internet\/sileg\/Prop_Detalhe.asp?id=2191944\">PL-756\/2019<\/a><\/li>\n<\/ul>\n<p><em>(Fonte: C\u00e2mara Not\u00edcias)<\/em><\/p>\n<\/div>\n<\/div>\n","protected":false},"excerpt":{"rendered":"<p>O Projeto de Lei 756\/19 regulamenta a profiss\u00e3o de guarda-vidas, prevendo adicional de insalubridade pela exposi\u00e7\u00e3o excessiva ao sol. O autor da proposta, deputado Bacelar (Pode-BA), alerta para o risco desses profissionais desenvolverem c\u00e2ncer de pele. \u201cIsso decorre da crescente exposi\u00e7\u00e3o aos raios ultravioletas A e B, visto que o hor\u00e1rio de trabalho se concentra [&hellip;]<\/p>\n","protected":false},"author":1,"featured_media":36795,"comment_status":"closed","ping_status":"closed","sticky":false,"template":"","format":"standard","meta":{"footnotes":""},"categories":[79],"tags":[],"_links":{"self":[{"href":"https:\/\/www.anamt.org.br\/portal\/wp-json\/wp\/v2\/posts\/36794"}],"collection":[{"href":"https:\/\/www.anamt.org.br\/portal\/wp-json\/wp\/v2\/posts"}],"about":[{"href":"https:\/\/www.anamt.org.br\/portal\/wp-json\/wp\/v2\/types\/post"}],"author":[{"embeddable":true,"href":"https:\/\/www.anamt.org.br\/portal\/wp-json\/wp\/v2\/users\/1"}],"replies":[{"embeddable":true,"href":"https:\/\/www.anamt.org.br\/portal\/wp-json\/wp\/v2\/comments?post=36794"}],"version-history":[{"count":0,"href":"https:\/\/www.anamt.org.br\/portal\/wp-json\/wp\/v2\/posts\/36794\/revisions"}],"wp:featuredmedia":[{"embeddable":true,"href":"https:\/\/www.anamt.org.br\/portal\/wp-json\/wp\/v2\/media\/36795"}],"wp:attachment":[{"href":"https:\/\/www.anamt.org.br\/portal\/wp-json\/wp\/v2\/media?parent=36794"}],"wp:term":[{"taxonomy":"category","embeddable":true,"href":"https:\/\/www.anamt.org.br\/portal\/wp-json\/wp\/v2\/categories?post=36794"},{"taxonomy":"post_tag","embeddable":true,"href":"https:\/\/www.anamt.org.br\/portal\/wp-json\/wp\/v2\/tags?post=36794"}],"curies":[{"name":"wp","href":"https:\/\/api.w.org\/{rel}","templated":true}]}}