{"id":36792,"date":"2019-04-01T12:07:19","date_gmt":"2019-04-01T15:07:19","guid":{"rendered":"https:\/\/www.anamt.org.br\/portal\/?p=36792"},"modified":"2019-04-01T12:07:19","modified_gmt":"2019-04-01T15:07:19","slug":"esocial-nota-tecnica-12-2019-traz-correcoes-de-erros-em-eventos-de-sst","status":"publish","type":"post","link":"https:\/\/www.anamt.org.br\/portal\/2019\/04\/01\/esocial-nota-tecnica-12-2019-traz-correcoes-de-erros-em-eventos-de-sst\/","title":{"rendered":"eSocial: Nota T\u00e9cnica 12\/2019 traz corre\u00e7\u00f5es de erros em eventos de SST"},"content":{"rendered":"<div>\n<p>Foi publicada em 21\/03\/2019 a <a class=\"internal-link\" title=\"\" href=\"http:\/\/portal.esocial.gov.br\/manuais\/nota-tecnica-12-2019.pdf\" target=\"_self\">Nota T\u00e9cnica n\u00ba 12\/2019<\/a>, que traz corre\u00e7\u00f5es de erros no leiaute dos eventos de SST &#8211; Seguran\u00e7a e Sa\u00fade no Trabalho, al\u00e9m de ajustes referentes ao fechamento de folha de empregador pessoa f\u00edsica que possui empregados dom\u00e9sticos.<\/p>\n<p>As corre\u00e7\u00f5es decorrem de erros reportados pelas empresas que realizaram testes nos eventos no ambiente de Produ\u00e7\u00e3o Restrita, al\u00e9m de outros levantados pela pr\u00f3pria equipe t\u00e9cnica do eSocial. Os eventos de SST est\u00e3o dispon\u00edveis para testes em ambiente de Produ\u00e7\u00e3o Restrita para qualquer empresa desde 18\/03\/2019.<\/p>\n<p>Confira as datas previstas para a implanta\u00e7\u00e3o das corre\u00e7\u00f5es, conforme itens constantes na Nota:<\/p>\n<ul>\n<li>itens 1 a 18 (exceto 2) \u2013 25\/04\/2019 \u2013 ambiente de Produ\u00e7\u00e3o Restrita<\/li>\n<li>itens 1 a 18 (exceto 2) \u2013 10\/07\/2019 \u2013 ambiente de Produ\u00e7\u00e3o<\/li>\n<li>item 19 \u2013 10\/04\/2019 \u2013 ambiente de Produ\u00e7\u00e3o<\/li>\n<li class=\"last-item\">itens 2 e 20 \u2013 implanta\u00e7\u00e3o imediata<\/li>\n<\/ul>\n<p><em>(Fonte: Portal do eSocial)<\/em><\/p>\n<\/div>\n","protected":false},"excerpt":{"rendered":"<p>Foi publicada em 21\/03\/2019 a Nota T\u00e9cnica n\u00ba 12\/2019, que traz corre\u00e7\u00f5es de erros no leiaute dos eventos de SST &#8211; Seguran\u00e7a e Sa\u00fade no Trabalho, al\u00e9m de ajustes referentes ao fechamento de folha de empregador pessoa f\u00edsica que possui empregados dom\u00e9sticos. As corre\u00e7\u00f5es decorrem de erros reportados pelas empresas que realizaram testes nos eventos [&hellip;]<\/p>\n","protected":false},"author":1,"featured_media":36457,"comment_status":"closed","ping_status":"closed","sticky":false,"template":"","format":"standard","meta":{"footnotes":""},"categories":[79],"tags":[],"_links":{"self":[{"href":"https:\/\/www.anamt.org.br\/portal\/wp-json\/wp\/v2\/posts\/36792"}],"collection":[{"href":"https:\/\/www.anamt.org.br\/portal\/wp-json\/wp\/v2\/posts"}],"about":[{"href":"https:\/\/www.anamt.org.br\/portal\/wp-json\/wp\/v2\/types\/post"}],"author":[{"embeddable":true,"href":"https:\/\/www.anamt.org.br\/portal\/wp-json\/wp\/v2\/users\/1"}],"replies":[{"embeddable":true,"href":"https:\/\/www.anamt.org.br\/portal\/wp-json\/wp\/v2\/comments?post=36792"}],"version-history":[{"count":0,"href":"https:\/\/www.anamt.org.br\/portal\/wp-json\/wp\/v2\/posts\/36792\/revisions"}],"wp:featuredmedia":[{"embeddable":true,"href":"https:\/\/www.anamt.org.br\/portal\/wp-json\/wp\/v2\/media\/36457"}],"wp:attachment":[{"href":"https:\/\/www.anamt.org.br\/portal\/wp-json\/wp\/v2\/media?parent=36792"}],"wp:term":[{"taxonomy":"category","embeddable":true,"href":"https:\/\/www.anamt.org.br\/portal\/wp-json\/wp\/v2\/categories?post=36792"},{"taxonomy":"post_tag","embeddable":true,"href":"https:\/\/www.anamt.org.br\/portal\/wp-json\/wp\/v2\/tags?post=36792"}],"curies":[{"name":"wp","href":"https:\/\/api.w.org\/{rel}","templated":true}]}}