{"id":36708,"date":"2019-03-26T15:35:36","date_gmt":"2019-03-26T18:35:36","guid":{"rendered":"https:\/\/www.anamt.org.br\/portal\/?p=36708"},"modified":"2019-03-26T21:05:17","modified_gmt":"2019-03-27T00:05:17","slug":"eleicoes-2019-anamt-esclarece-processo-de-inscricao-de-chapas","status":"publish","type":"post","link":"https:\/\/www.anamt.org.br\/portal\/2019\/03\/26\/eleicoes-2019-anamt-esclarece-processo-de-inscricao-de-chapas\/","title":{"rendered":"Elei\u00e7\u00f5es 2019: ANAMT esclarece processo de inscri\u00e7\u00e3o de chapas"},"content":{"rendered":"<p>A ANAMT, por meio de sua Comiss\u00e3o Eleitoral, esclarece aos seus associados que apenas uma chapa inscreveu-se para participar das elei\u00e7\u00f5es da Diretoria Executiva, referentes ao mandato 2019-2022. Ap\u00f3s <a href=\"https:\/\/www.anamt.org.br\/portal\/2019\/02\/21\/anamt-divulga-cancelamento-do-edital-para-as-eleicoes-da-diretoria-executiva-da-entidade\/\">o cancelamento do edital original de convoca\u00e7\u00e3o<\/a> para as elei\u00e7\u00f5es, a pedido da ent\u00e3o diretora de Legisla\u00e7\u00e3o da entidade, <a href=\"https:\/\/www.anamt.org.br\/portal\/2019\/03\/18\/anamt-divulga-novo-edital-de-convocacao-das-eleicoes-da-entidade\/\">um novo edital foi publicado no dia 18 de mar\u00e7o<\/a>.<\/p>\n<p>De modo a garantir n\u00e3o apenas a transpar\u00eancia, mas tamb\u00e9m o car\u00e1ter democr\u00e1tico da institui\u00e7\u00e3o, a Associa\u00e7\u00e3o entrou em contato com os representantes das chapas inscritas ao longo do primeiro processo, urgindo-os a inscrever-se novamente no certame. Feito isso, apenas uma chapa inscreveu-se, enquanto a outra declinou. E esta \u00fanica chapa inscrita teve sua <a href=\"https:\/\/www.anamt.org.br\/portal\/2019\/03\/25\/eleicoes-2019-parecer-da-comissao-eleitoral-e-divulgado\/\">documenta\u00e7\u00e3o avaliada e aprovada pela Comiss\u00e3o Eleitoral<\/a>.<\/p>\n<p>H\u00e1 51 anos, a ANAMT vem constantemente aperfei\u00e7oando-se internamente em busca de dar mais poder aos seus associados e democratizar suas elei\u00e7\u00f5es internas. Justamente para fortalec\u00ea-los e lhes dar voz, pela primeira vez na hist\u00f3ria da entidade, o pleito incluir\u00e1 todos os associados adimplentes por meio de vota\u00e7\u00e3o \u00e0 dist\u00e2ncia \u2013 ao contr\u00e1rio do modelo de aclama\u00e7\u00e3o no Congresso Nacional.<\/p>\n<p>Aos associados interessados, a ANAMT se prontifica a compartilhar os esclarecimentos necess\u00e1rios.<\/p>\n","protected":false},"excerpt":{"rendered":"<p>A ANAMT, por meio de sua Comiss\u00e3o Eleitoral, esclarece aos seus associados que apenas uma chapa inscreveu-se para participar das elei\u00e7\u00f5es da Diretoria Executiva, referentes ao mandato 2019-2022. Ap\u00f3s o cancelamento do edital original de convoca\u00e7\u00e3o para as elei\u00e7\u00f5es, a pedido da ent\u00e3o diretora de Legisla\u00e7\u00e3o da entidade, um novo edital foi publicado no dia [&hellip;]<\/p>\n","protected":false},"author":1,"featured_media":36340,"comment_status":"closed","ping_status":"closed","sticky":false,"template":"","format":"standard","meta":{"footnotes":""},"categories":[220],"tags":[],"_links":{"self":[{"href":"https:\/\/www.anamt.org.br\/portal\/wp-json\/wp\/v2\/posts\/36708"}],"collection":[{"href":"https:\/\/www.anamt.org.br\/portal\/wp-json\/wp\/v2\/posts"}],"about":[{"href":"https:\/\/www.anamt.org.br\/portal\/wp-json\/wp\/v2\/types\/post"}],"author":[{"embeddable":true,"href":"https:\/\/www.anamt.org.br\/portal\/wp-json\/wp\/v2\/users\/1"}],"replies":[{"embeddable":true,"href":"https:\/\/www.anamt.org.br\/portal\/wp-json\/wp\/v2\/comments?post=36708"}],"version-history":[{"count":0,"href":"https:\/\/www.anamt.org.br\/portal\/wp-json\/wp\/v2\/posts\/36708\/revisions"}],"wp:featuredmedia":[{"embeddable":true,"href":"https:\/\/www.anamt.org.br\/portal\/wp-json\/wp\/v2\/media\/36340"}],"wp:attachment":[{"href":"https:\/\/www.anamt.org.br\/portal\/wp-json\/wp\/v2\/media?parent=36708"}],"wp:term":[{"taxonomy":"category","embeddable":true,"href":"https:\/\/www.anamt.org.br\/portal\/wp-json\/wp\/v2\/categories?post=36708"},{"taxonomy":"post_tag","embeddable":true,"href":"https:\/\/www.anamt.org.br\/portal\/wp-json\/wp\/v2\/tags?post=36708"}],"curies":[{"name":"wp","href":"https:\/\/api.w.org\/{rel}","templated":true}]}}