{"id":36686,"date":"2019-03-25T16:43:23","date_gmt":"2019-03-25T19:43:23","guid":{"rendered":"https:\/\/www.anamt.org.br\/portal\/?p=36686"},"modified":"2019-03-26T09:41:12","modified_gmt":"2019-03-26T12:41:12","slug":"eleicoes-2019-parecer-da-comissao-eleitoral-e-divulgado","status":"publish","type":"post","link":"https:\/\/www.anamt.org.br\/portal\/2019\/03\/25\/eleicoes-2019-parecer-da-comissao-eleitoral-e-divulgado\/","title":{"rendered":"Elei\u00e7\u00f5es 2019: ap\u00f3s reuni\u00e3o, parecer da Comiss\u00e3o Eleitoral \u00e9 divulgado"},"content":{"rendered":"<p>A Comiss\u00e3o Eleitoral da ANAMT, seguindo o rito estatut\u00e1rio e o Edital de Elei\u00e7\u00e3o 2019-2022, procedeu a avalia\u00e7\u00e3o documental final no dia 25 de mar\u00e7o de 2019. A comiss\u00e3o concluiu que houve comprova\u00e7\u00e3o dos documentos apresentados por parte da \u00fanica chapa inscrita para os cargos da Diretoria Executiva e dos candidatos inscritos para o Conselho Fiscal.<\/p>\n<p>O parecer, bem como a composi\u00e7\u00e3o da chapa para a Diretoria Executiva, pode ser visualizada\u00a0<a href=\"https:\/\/www.anamt.org.br\/portal\/wp-content\/uploads\/2019\/03\/PARECER_FINAL_DIRETORIA-EXECUTIVA_PUBLICA\u00c7\u00c3O_v2.pdf\" target=\"_blank\" rel=\"noopener\">aqui<\/a>; o documento referente \u00e0 chapa para o Conselho Fiscal pode ser visto <a href=\"https:\/\/www.anamt.org.br\/portal\/wp-content\/uploads\/2019\/03\/PARECER_FINAL_HOMOLOGA\u00c7\u00c3O_CONSELHO-FISCAL_PUBLICA\u00c7\u00c3O_v2.pdf\">aqui<\/a>.<\/p>\n<p>&nbsp;<\/p>\n","protected":false},"excerpt":{"rendered":"<p>A Comiss\u00e3o Eleitoral da ANAMT, seguindo o rito estatut\u00e1rio e o Edital de Elei\u00e7\u00e3o 2019-2022, procedeu a avalia\u00e7\u00e3o documental final no dia 25 de mar\u00e7o de 2019. A comiss\u00e3o concluiu que houve comprova\u00e7\u00e3o dos documentos apresentados por parte da \u00fanica chapa inscrita para os cargos da Diretoria Executiva e dos candidatos inscritos para o Conselho [&hellip;]<\/p>\n","protected":false},"author":1,"featured_media":36340,"comment_status":"closed","ping_status":"closed","sticky":false,"template":"","format":"standard","meta":{"footnotes":""},"categories":[220],"tags":[],"_links":{"self":[{"href":"https:\/\/www.anamt.org.br\/portal\/wp-json\/wp\/v2\/posts\/36686"}],"collection":[{"href":"https:\/\/www.anamt.org.br\/portal\/wp-json\/wp\/v2\/posts"}],"about":[{"href":"https:\/\/www.anamt.org.br\/portal\/wp-json\/wp\/v2\/types\/post"}],"author":[{"embeddable":true,"href":"https:\/\/www.anamt.org.br\/portal\/wp-json\/wp\/v2\/users\/1"}],"replies":[{"embeddable":true,"href":"https:\/\/www.anamt.org.br\/portal\/wp-json\/wp\/v2\/comments?post=36686"}],"version-history":[{"count":0,"href":"https:\/\/www.anamt.org.br\/portal\/wp-json\/wp\/v2\/posts\/36686\/revisions"}],"wp:featuredmedia":[{"embeddable":true,"href":"https:\/\/www.anamt.org.br\/portal\/wp-json\/wp\/v2\/media\/36340"}],"wp:attachment":[{"href":"https:\/\/www.anamt.org.br\/portal\/wp-json\/wp\/v2\/media?parent=36686"}],"wp:term":[{"taxonomy":"category","embeddable":true,"href":"https:\/\/www.anamt.org.br\/portal\/wp-json\/wp\/v2\/categories?post=36686"},{"taxonomy":"post_tag","embeddable":true,"href":"https:\/\/www.anamt.org.br\/portal\/wp-json\/wp\/v2\/tags?post=36686"}],"curies":[{"name":"wp","href":"https:\/\/api.w.org\/{rel}","templated":true}]}}