{"id":36665,"date":"2019-03-21T17:28:07","date_gmt":"2019-03-21T20:28:07","guid":{"rendered":"https:\/\/www.anamt.org.br\/portal\/?p=36665"},"modified":"2019-03-21T17:30:05","modified_gmt":"2019-03-21T20:30:05","slug":"anamt-participa-de-evento-da-fsp-usp-sobre-objetivos-de-desenvolvimento-sustentavel-e-agenda-2030","status":"publish","type":"post","link":"https:\/\/www.anamt.org.br\/portal\/2019\/03\/21\/anamt-participa-de-evento-da-fsp-usp-sobre-objetivos-de-desenvolvimento-sustentavel-e-agenda-2030\/","title":{"rendered":"ANAMT participa de evento sobre Objetivos de Desenvolvimento Sustent\u00e1vel"},"content":{"rendered":"<p>A presidente da ANAMT, Dra. Marcia Bandini, participou nesta quinta (21) de um evento da Faculdade de Sa\u00fade P\u00fablica (FSP) da Universidade de S\u00e3o Paulo (USP) sobre os 17 Objetivos de Desenvolvimento Sustent\u00e1vel (ODS) e Agenda 2030. A lista, estabelecida em 2015 ap\u00f3s a transi\u00e7\u00e3o dos Oito Objetivos de Desenvolvimento do Mil\u00eanio, tem o Trabalho Decente e Crescimento Econ\u00f4mico como seu oitavo item, sobre o qual Dra. Marcia tratou, abordando as iniciativas da ANAMT em prol dos ODS.<\/p>\n<p>&#8220;A ANAMT sempre abre espa\u00e7o em seus eventos para discutir como podemos ajudar a promover o trabalho digno, saud\u00e1vel e seguro, a igualdade de g\u00eaneros, a sa\u00fade e o bem-estar no trabalho. Tamb\u00e9m promovemos debates sobre o papel do m\u00e9dico do trabalho e de outros profissionais no combate a situa\u00e7\u00f5es de trabalho infantil e\/ou an\u00e1logo \u00e0 escravid\u00e3o&#8221;. Dra. Marcia tamb\u00e9m falou sobre a rela\u00e7\u00e3o do trabalho com os demais objetivos, como a erradica\u00e7\u00e3o da pobreza e redu\u00e7\u00e3o das desigualdades. &#8220;Promover pol\u00edticas de emprego, preferencialmente sem a perda das medidas de prote\u00e7\u00e3o social, \u00e9 fundamental para trazer mais justi\u00e7a social&#8221;, pontuou.<\/p>\n<p>Al\u00e9m do \u00e2mbito da seguran\u00e7a, Dra. Marcia ressalta o papel do trabalho como um determinante social do processo sa\u00fade-doen\u00e7a e o impacto econ\u00f4mico desse quadro, al\u00e9m das consequ\u00eancias para os trabalhadores. &#8220;Por isso, defendemos que a promo\u00e7\u00e3o da sa\u00fade no trabalho \u00e9, antes de tudo, a promo\u00e7\u00e3o de um trabalho saud\u00e1vel. Podemos e devemos unir for\u00e7as para superar este desafio&#8221;.<\/p>\n<p>Mais informa\u00e7\u00f5es sobre o evento, no <a href=\"https:\/\/www.fsp.usp.br\/site\/noticias\/mostra\/13135\" target=\"_blank\" rel=\"noopener\">site da USP<\/a>.<\/p>\n","protected":false},"excerpt":{"rendered":"<p>A presidente da ANAMT, Dra. Marcia Bandini, participou nesta quinta (21) de um evento da Faculdade de Sa\u00fade P\u00fablica (FSP) da Universidade de S\u00e3o Paulo (USP) sobre os 17 Objetivos de Desenvolvimento Sustent\u00e1vel (ODS) e Agenda 2030. A lista, estabelecida em 2015 ap\u00f3s a transi\u00e7\u00e3o dos Oito Objetivos de Desenvolvimento do Mil\u00eanio, tem o Trabalho [&hellip;]<\/p>\n","protected":false},"author":1,"featured_media":36666,"comment_status":"closed","ping_status":"closed","sticky":false,"template":"","format":"standard","meta":{"footnotes":""},"categories":[78],"tags":[],"_links":{"self":[{"href":"https:\/\/www.anamt.org.br\/portal\/wp-json\/wp\/v2\/posts\/36665"}],"collection":[{"href":"https:\/\/www.anamt.org.br\/portal\/wp-json\/wp\/v2\/posts"}],"about":[{"href":"https:\/\/www.anamt.org.br\/portal\/wp-json\/wp\/v2\/types\/post"}],"author":[{"embeddable":true,"href":"https:\/\/www.anamt.org.br\/portal\/wp-json\/wp\/v2\/users\/1"}],"replies":[{"embeddable":true,"href":"https:\/\/www.anamt.org.br\/portal\/wp-json\/wp\/v2\/comments?post=36665"}],"version-history":[{"count":0,"href":"https:\/\/www.anamt.org.br\/portal\/wp-json\/wp\/v2\/posts\/36665\/revisions"}],"wp:featuredmedia":[{"embeddable":true,"href":"https:\/\/www.anamt.org.br\/portal\/wp-json\/wp\/v2\/media\/36666"}],"wp:attachment":[{"href":"https:\/\/www.anamt.org.br\/portal\/wp-json\/wp\/v2\/media?parent=36665"}],"wp:term":[{"taxonomy":"category","embeddable":true,"href":"https:\/\/www.anamt.org.br\/portal\/wp-json\/wp\/v2\/categories?post=36665"},{"taxonomy":"post_tag","embeddable":true,"href":"https:\/\/www.anamt.org.br\/portal\/wp-json\/wp\/v2\/tags?post=36665"}],"curies":[{"name":"wp","href":"https:\/\/api.w.org\/{rel}","templated":true}]}}