{"id":36530,"date":"2019-03-11T10:15:30","date_gmt":"2019-03-11T13:15:30","guid":{"rendered":"https:\/\/www.anamt.org.br\/portal\/?p=36530"},"modified":"2019-03-11T10:23:39","modified_gmt":"2019-03-11T13:23:39","slug":"17o-congresso-nacional-da-anamt-4a-mostra-de-cinema-contara-com-a-presenca-do-cineasta-beto-novaes","status":"publish","type":"post","link":"https:\/\/www.anamt.org.br\/portal\/2019\/03\/11\/17o-congresso-nacional-da-anamt-4a-mostra-de-cinema-contara-com-a-presenca-do-cineasta-beto-novaes\/","title":{"rendered":"Congresso: 4\u00aa Mostra de Cinema ter\u00e1 a presen\u00e7a do cineasta Beto Novaes"},"content":{"rendered":"<p>A tradicional mostra de cinema com foco na Medicina do Trabalho ser\u00e1 reeditada no 17\u00ba Congresso Nacional da ANAMT, que ser\u00e1 realizado nos dias 15 a 18 de maio, em Bras\u00edlia. Al\u00e9m da apresenta\u00e7\u00e3o de document\u00e1rios e filmes ligados ao universo do trabalho, a 4\u00aa Mostra de Cinema ANAMT contar\u00e1 com a presen\u00e7a do cineasta Beto Novaes. Professor de Economia da Universidade Federal do Rio de Janeiro (UFRJ), ele concentra sua produ\u00e7\u00e3o em temas relacionados ao mundo do trabalho, a luta dos trabalhadores rurais e a explora\u00e7\u00e3o dos mesmos.<\/p>\n<p>Al\u00e9m da exibi\u00e7\u00e3o de document\u00e1rios produzidos por Beto Novaes, a mostra de cinema tamb\u00e9m contar\u00e1 com um ciclo de debates relacionado ao conte\u00fado exibido. De acordo com o Dr. Jos\u00e9 Hildoberto, idealizador da mostra, o cinema \u00e9 uma poderosa arma para ampliar o debate de quest\u00f5es relacionadas \u00e0 seguran\u00e7a do trabalho e dignidade dos trabalhadores.<\/p>\n<p>\u201cO cinema \u00e9 uma m\u00eddia capaz de transmitir informa\u00e7\u00f5es. Eles podem ser vistos, analisados e debatidos para aprofundar nossa percep\u00e7\u00e3o sobre determinado tempo. Al\u00e9m de uma arte, tamb\u00e9m \u00e9 uma forma de educa\u00e7\u00e3o e aprendizado\u201d, afirma Hildoberto. \u201cSempre que exibimos os filmes no Congresso da ANAMT, abrimos um painel com o p\u00fablico para debatermos o que foi apresentado e o que n\u00f3s, M\u00e9dicos do Trabalho, podemos fazer a respeito\u201d.<\/p>\n<p>A Mostra de Cinema ANAMT foi realizada pela primeira vez em 2010, durante a 14\u00aa edi\u00e7\u00e3o do Congresso, em Gramado. Desde ent\u00e3o, a atividade \u00e9 reeditada a cada tr\u00eas anos. \u201cA pr\u00f3pria cidade de Gramado foi nossa inspira\u00e7\u00e3o para a Mostra de Cinema\u201d, relembra Hildoberto. \u201cQuando o Congresso foi marcado para Gramado, pensamos no Festival de Cinema de Gramado e as ideias casaram-se perfeitamente\u201d.<\/p>\n<p>Confira abaixo a programa\u00e7\u00e3o completa da 4\u00aa Mostra de Cinema ANAMT:<\/p>\n<p><strong>Dia 16 de maio:<\/strong><br \/>\nMulheres das \u00c1guas (2017) \u2013 Beto Novaes<br \/>\nO document\u00e1rio retrata a vida e as lutas das pescadoras nos manguezais do Nordeste do Brasil. O modo de vida e a sobreviv\u00eancia de suas fam\u00edlias est\u00e3o amea\u00e7ados pela polui\u00e7\u00e3o de grandes ind\u00fastrias e pelo turismo predat\u00f3rio que causam danos ao ecossistema dos manguezais, onde in\u00fameras esp\u00e9cies marinhas se reproduzem.<\/p>\n<p>Agrofloresta \u00e9 Mais (2018) \u2013 Beto Novaes<br \/>\nA produ\u00e7\u00e3o mostra como uma \u00e1rea degradada pela produ\u00e7\u00e3o extensiva de b\u00fafalos &#8211; a Fazenda S\u00e3o Miguel, em Antonina (PR) &#8211; na regi\u00e3o da Mata Atl\u00e2ntica paranaense, foi transformada por meio de iniciativas de recupera\u00e7\u00e3o do meio ambiente pela produ\u00e7\u00e3o agroflorestal, com produ\u00e7\u00e3o de alimentos e preserva\u00e7\u00e3o da biodiversidade.<\/p>\n<p><strong>Dia 17 de maio:<\/strong><br \/>\nHis New Job (1915) \u2013 Charlie Chaplin<br \/>\nPrimeiro filme em que Chaplin \u00e9 creditado nominalmente, a pel\u00edcula conta a hist\u00f3ria de um personagem que personagem ganha a chance de substituir um ator que n\u00e3o aparece no est\u00fadio para a grava\u00e7\u00e3o.<\/p>\n<p>Fernandas (2016) \u2013 ANAMT<br \/>\nO document\u00e1rio Fernandas \u00e9 um manifesto pela inclus\u00e3o e apresenta depoimentos e opini\u00f5es, refor\u00e7ando o chamamento para que cada pessoa seja uma Fernanda, no seu dia a dia, na rua, em casa, no trabalho e na sociedade.<\/p>\n<p><strong>Servi\u00e7o:<\/strong><\/p>\n<p>17\u00ba Congresso Nacional da ANAMT<br \/>\nTema: Valores Essenciais Frente \u00e0s Transforma\u00e7\u00f5es do Trabalho: Hoje e Amanh\u00e3<br \/>\nData: 15 a 18 de maio de 2019<br \/>\nLocal: CICB \u2013 Centro Internacional de Conven\u00e7\u00f5es do Brasil \u2013 Setor de Clubes Esportivo Sul \u2013 Trecho 02, Conjunto 63, Lote 50, Bras\u00edlia (DF)<br \/>\nSite: <a href=\"http:\/\/www.congressoanamt2019.com.br\/\" target=\"_blank\" rel=\"noopener\">http:\/\/www.congressoanamt2019.com.br\/<\/a><\/p>\n","protected":false},"excerpt":{"rendered":"<p>A tradicional mostra de cinema com foco na Medicina do Trabalho ser\u00e1 reeditada no 17\u00ba Congresso Nacional da ANAMT, que ser\u00e1 realizado nos dias 15 a 18 de maio, em Bras\u00edlia. Al\u00e9m da apresenta\u00e7\u00e3o de document\u00e1rios e filmes ligados ao universo do trabalho, a 4\u00aa Mostra de Cinema ANAMT contar\u00e1 com a presen\u00e7a do cineasta [&hellip;]<\/p>\n","protected":false},"author":1,"featured_media":35858,"comment_status":"closed","ping_status":"closed","sticky":false,"template":"","format":"standard","meta":{"footnotes":""},"categories":[78],"tags":[],"_links":{"self":[{"href":"https:\/\/www.anamt.org.br\/portal\/wp-json\/wp\/v2\/posts\/36530"}],"collection":[{"href":"https:\/\/www.anamt.org.br\/portal\/wp-json\/wp\/v2\/posts"}],"about":[{"href":"https:\/\/www.anamt.org.br\/portal\/wp-json\/wp\/v2\/types\/post"}],"author":[{"embeddable":true,"href":"https:\/\/www.anamt.org.br\/portal\/wp-json\/wp\/v2\/users\/1"}],"replies":[{"embeddable":true,"href":"https:\/\/www.anamt.org.br\/portal\/wp-json\/wp\/v2\/comments?post=36530"}],"version-history":[{"count":0,"href":"https:\/\/www.anamt.org.br\/portal\/wp-json\/wp\/v2\/posts\/36530\/revisions"}],"wp:featuredmedia":[{"embeddable":true,"href":"https:\/\/www.anamt.org.br\/portal\/wp-json\/wp\/v2\/media\/35858"}],"wp:attachment":[{"href":"https:\/\/www.anamt.org.br\/portal\/wp-json\/wp\/v2\/media?parent=36530"}],"wp:term":[{"taxonomy":"category","embeddable":true,"href":"https:\/\/www.anamt.org.br\/portal\/wp-json\/wp\/v2\/categories?post=36530"},{"taxonomy":"post_tag","embeddable":true,"href":"https:\/\/www.anamt.org.br\/portal\/wp-json\/wp\/v2\/tags?post=36530"}],"curies":[{"name":"wp","href":"https:\/\/api.w.org\/{rel}","templated":true}]}}