{"id":36456,"date":"2019-02-26T10:07:28","date_gmt":"2019-02-26T13:07:28","guid":{"rendered":"https:\/\/www.anamt.org.br\/portal\/?p=36456"},"modified":"2019-02-26T15:34:24","modified_gmt":"2019-02-26T18:34:24","slug":"17o-congresso-nacional-da-anamt-curso-pre-congresso-abordara-o-esocial-e-a-area-de-sst","status":"publish","type":"post","link":"https:\/\/www.anamt.org.br\/portal\/2019\/02\/26\/17o-congresso-nacional-da-anamt-curso-pre-congresso-abordara-o-esocial-e-a-area-de-sst\/","title":{"rendered":"17\u00ba Congresso Nacional da ANAMT: curso abordar\u00e1 o eSocial e a \u00e1rea de SST"},"content":{"rendered":"<p>A partir de mar\u00e7o, o ambiente de testes do eSocial passar\u00e1 a receber os eventos de Sa\u00fade e Seguran\u00e7a do Trabalho. Obrigat\u00f3ria a partir de julho de 2019 para as empresas do Grupo 1 (faturamento acima de R$ 78 milh\u00f5es), a ferramenta, que unifica o envio de dados trabalhistas e previdenci\u00e1rios, passar\u00e1 a receber dados de ocorr\u00eancias como acidentes e condi\u00e7\u00f5es ambientais de trabalho e monitoramento da sa\u00fade do trabalhador.<\/p>\n<p>Nesse contexto, o <a href=\"https:\/\/www.anamt.org.br\/portal\/2019\/02\/14\/17o-congresso-nacional-da-anamt-acompanhe-as-novidades-e-garanta-sua-inscricao\/\">17\u00ba Congresso Nacional da ANAMT realizar\u00e1 o curso pr\u00e9-congresso <em>eSocial e M\u00e9dico do Trabalho<\/em><\/a>, ministrado por Dr. Claudio Patrus, m\u00e9dico especialista do Departamento Nacional do SESI. Ele ressalta que, apesar da \u00e1rea de SST ainda n\u00e3o enviar as informa\u00e7\u00f5es pela plataforma, outros eventos cujos envios j\u00e1 come\u00e7aram contemplam dados da \u00e1rea, o que demanda uniformidade do que \u00e9 enviado.<\/p>\n<p>\u201cAs empresas j\u00e1 transmitem dados desde janeiro do ano passado e muitas informa\u00e7\u00f5es de SST j\u00e1 foram transmitidas em outros eventos do eSocial, como folha de pagamento, adicional de insalubridade e periculosidade e recolhimentos de aposentadoria para tributa\u00e7\u00e3o de aposentadoria especial. Ser\u00e3o informadas agora as origens dessa informa\u00e7\u00e3o\u201d, explica Dr. Patrus.<\/p>\n<p>O curso abordar\u00e1 os documentos que ser\u00e3o substitu\u00eddos pelo eSocial e os prazos de envio efetivos previstos no cronograma, que, para a \u00e1rea de SST, come\u00e7a em julho de 2019. No preparo para esse prazo, tamb\u00e9m ser\u00e3o abordados os pontos trazidos no manual de orienta\u00e7\u00e3o do eSocial vers\u00e3o 2.5.0.1, divulgado em janeiro. \u201cEle traz algumas peculiaridades, como formas novas de preenchimento do eSocial\u201d, pontua o especialista.<\/p>\n<p>Al\u00e9m disso, ele explica que a etapa de envio de ambientes de testes \u00e9 mais voltada para valida\u00e7\u00e3o t\u00e9cnica dos dados no layout disponibilizado pelo governo. \u201cNossa atribui\u00e7\u00e3o \u00e9 anterior \u00e0 isso: ou seja, gerar informa\u00e7\u00f5es pertinentes, de qualidade, de maneira organizada e clara que possam ser transmitidas\u201d, detalha Dr. Claudio.<\/p>\n<p><strong>Servi\u00e7o:<\/strong><\/p>\n<p>17\u00ba Congresso Nacional da ANAMT<br \/>\nTema: Valores Essenciais Frente \u00e0s Transforma\u00e7\u00f5es do Trabalho: Hoje e Amanh\u00e3<br \/>\nData: 15 a 18 de maio de 2019<br \/>\nLocal: CICB \u2013 Centro Internacional de Conven\u00e7\u00f5es do Brasil \u2013 Setor de Clubes Esportivo Sul \u2013 Trecho 02, Conjunto 63, Lote 50, Bras\u00edlia (DF)<br \/>\nSite: <a href=\"http:\/\/www.congressoanamt2019.com.br\/\" target=\"_blank\" rel=\"noopener\">http:\/\/www.congressoanamt2019.com.br\/<\/a><\/p>\n","protected":false},"excerpt":{"rendered":"<p>A partir de mar\u00e7o, o ambiente de testes do eSocial passar\u00e1 a receber os eventos de Sa\u00fade e Seguran\u00e7a do Trabalho. Obrigat\u00f3ria a partir de julho de 2019 para as empresas do Grupo 1 (faturamento acima de R$ 78 milh\u00f5es), a ferramenta, que unifica o envio de dados trabalhistas e previdenci\u00e1rios, passar\u00e1 a receber dados [&hellip;]<\/p>\n","protected":false},"author":1,"featured_media":36457,"comment_status":"closed","ping_status":"closed","sticky":false,"template":"","format":"standard","meta":{"footnotes":""},"categories":[78],"tags":[],"_links":{"self":[{"href":"https:\/\/www.anamt.org.br\/portal\/wp-json\/wp\/v2\/posts\/36456"}],"collection":[{"href":"https:\/\/www.anamt.org.br\/portal\/wp-json\/wp\/v2\/posts"}],"about":[{"href":"https:\/\/www.anamt.org.br\/portal\/wp-json\/wp\/v2\/types\/post"}],"author":[{"embeddable":true,"href":"https:\/\/www.anamt.org.br\/portal\/wp-json\/wp\/v2\/users\/1"}],"replies":[{"embeddable":true,"href":"https:\/\/www.anamt.org.br\/portal\/wp-json\/wp\/v2\/comments?post=36456"}],"version-history":[{"count":0,"href":"https:\/\/www.anamt.org.br\/portal\/wp-json\/wp\/v2\/posts\/36456\/revisions"}],"wp:featuredmedia":[{"embeddable":true,"href":"https:\/\/www.anamt.org.br\/portal\/wp-json\/wp\/v2\/media\/36457"}],"wp:attachment":[{"href":"https:\/\/www.anamt.org.br\/portal\/wp-json\/wp\/v2\/media?parent=36456"}],"wp:term":[{"taxonomy":"category","embeddable":true,"href":"https:\/\/www.anamt.org.br\/portal\/wp-json\/wp\/v2\/categories?post=36456"},{"taxonomy":"post_tag","embeddable":true,"href":"https:\/\/www.anamt.org.br\/portal\/wp-json\/wp\/v2\/tags?post=36456"}],"curies":[{"name":"wp","href":"https:\/\/api.w.org\/{rel}","templated":true}]}}