{"id":36385,"date":"2019-02-20T09:51:46","date_gmt":"2019-02-20T12:51:46","guid":{"rendered":"https:\/\/www.anamt.org.br\/portal\/?p=36385"},"modified":"2019-04-01T11:27:11","modified_gmt":"2019-04-01T14:27:11","slug":"17o-congresso-nacional-da-anamt-aprendizado-pratico-sobre-gestao-integrada-de-saude-corporativa","status":"publish","type":"post","link":"https:\/\/www.anamt.org.br\/portal\/2019\/02\/20\/17o-congresso-nacional-da-anamt-aprendizado-pratico-sobre-gestao-integrada-de-saude-corporativa\/","title":{"rendered":"17\u00ba Congresso Nacional: gest\u00e3o integrada de sa\u00fade corporativa na pr\u00e1tica"},"content":{"rendered":"<p>A gest\u00e3o integrada de sa\u00fade corporativa ser\u00e1 o tema de em um dos cursos pr\u00e9-congresso do 17\u00ba Congresso Nacional da ANAMT, que ocorre entre os dias 15 e 19 de maio, em Bras\u00edlia (DF). A atividade ser\u00e1 ministrada pelo presidente da comiss\u00e3o t\u00e9cnica de Promo\u00e7\u00e3o da Sa\u00fade no Trabalho, Dr. Rodrigo Demarch.<\/p>\n<p>Idealmente, um sistema de gest\u00e3o integrada de sa\u00fade corporativa compreende a integra\u00e7\u00e3o de informa\u00e7\u00f5es e a coordena\u00e7\u00e3o de a\u00e7\u00f5es estruturadas.\u00a0Para o palestrante, est\u00e1 em n\u00e3o esquecer o olhar coletivo, mas sem esquecer a individualidade do trabalhador. \u201cAbordaremos um modelo e ferramentas como instrumentos que podem ser utilizados para mensurar o n\u00edvel de integra\u00e7\u00e3o. Tamb\u00e9m haver\u00e1 uma parte pr\u00e1tica para os participantes terem um primeiro contato e aprenderem a usar as ferramentas, que s\u00e3o autoaplic\u00e1veis e autoexplic\u00e1veis\u201d, pontua.<\/p>\n<p>M\u00e9dico do trabalho, Dr. Rodrigo Demarch tamb\u00e9m \u00e9 especialista em Inova\u00e7\u00e3o e Empreendedorismo pela Stanford University Graduate School of Business e atua como diretor m\u00e9dico e de inova\u00e7\u00e3o da Mantris, em S\u00e3o Paulo. Al\u00e9m do curso, ele participar\u00e1 do Congresso como expositor, j\u00e1 que submeteu dois trabalhos cient\u00edficos no evento com outros colegas de trabalho. Ele ainda destacou que a programa\u00e7\u00e3o dever\u00e1 incluir um painel sobre sa\u00fade suplementar.<\/p>\n<h3>Cursos pr\u00e9-evento<\/h3>\n<p>No primeiro dia do 17\u00ba Congresso Nacional da ANAMT, ser\u00e3o realizados cursos sobre temas atualmente debatidos na especialidade. Al\u00e9m da gest\u00e3o integrada de sa\u00fade corporativa, assuntos como a <a href=\"https:\/\/www.anamt.org.br\/portal\/2019\/02\/12\/17o-congresso-nacional-da-anamt-inclusao-da-pessoa-com-deficiencia-sera-abordada-em-curso\/\">inclus\u00e3o de pessoas com defici\u00eancia no mercado de trabalho<\/a>, o <a href=\"https:\/\/www.anamt.org.br\/portal\/2019\/01\/22\/17o-congresso-nacional-da-anamt-curso-pre-congresso-aborda-laboratorio-de-mudancas\/\">conceito de Laborat\u00f3rio de Mudan\u00e7a<\/a> e <a href=\"https:\/\/www.anamt.org.br\/portal\/2019\/01\/29\/pericia-medica-curso-no-17o-congresso-nacional-da-anamt-trara-abordara-casos-praticos\/\">Per\u00edcia M\u00e9dica<\/a> ser\u00e3o abordados.<\/p>\n<p>De acordo com a diretora cient\u00edfica da Associa\u00e7\u00e3o e coordenadora da comiss\u00e3o cient\u00edfica do evento, Dra. Elizabeth Dias, o Congresso oportuniza o debate sobre as mudan\u00e7as na legisla\u00e7\u00e3o de prote\u00e7\u00e3o social em curso, entre elas, a Reforma Trabalhista e a revis\u00e3o de benef\u00edcios por incapacidade laborativa, concedidos pela Previd\u00eancia Social, que tem repercuss\u00f5es sobre o exerc\u00edcio da Medicina do Trabalho. \u201c\u00c9 necess\u00e1rio nos preparar para acompanhar os efeitos e desdobramentos das mudan\u00e7as em curso, e buscar construir, coletivamente, alternativas e solu\u00e7\u00f5es\u201d, afirma.<\/p>\n<p>Inscreva-se agora e garanta a sua participa\u00e7\u00e3o no evento: <a href=\"http:\/\/www.congressoanamt2019.com.br\/\">http:\/\/www.congressoanamt2019.com.br\/<\/a><\/p>\n<p>Para mais informa\u00e7\u00f5es e d\u00favidas, entre em contato com a Secretaria da ANAMT pelo telefone (11) 3251-0849 ou pelo e-mail <em>secretaria@staging.anamt.org.br<\/em>.<\/p>\n<h3>Servi\u00e7o:<\/h3>\n<p>17\u00ba Congresso Nacional da ANAMT<br \/>\nTema: Valores Essenciais Frente \u00e0s Transforma\u00e7\u00f5es do Trabalho: Hoje e Amanh\u00e3<br \/>\nData: 15 a 18 de maio de 2019<br \/>\nLocal: CICB \u2013 Centro Internacional de Conven\u00e7\u00f5es do Brasil \u2013 Setor de Clubes Esportivo Sul \u2013 Trecho 02, Conjunto 63, Lote 50, Bras\u00edlia (DF)<br \/>\nSite: <a href=\"http:\/\/www.congressoanamt2019.com.br\/\" target=\"_blank\" rel=\"noopener\">http:\/\/www.congressoanamt2019.com.br\/<\/a><\/p>\n","protected":false},"excerpt":{"rendered":"<p>A gest\u00e3o integrada de sa\u00fade corporativa ser\u00e1 o tema de em um dos cursos pr\u00e9-congresso do 17\u00ba Congresso Nacional da ANAMT, que ocorre entre os dias 15 e 19 de maio, em Bras\u00edlia (DF). A atividade ser\u00e1 ministrada pelo presidente da comiss\u00e3o t\u00e9cnica de Promo\u00e7\u00e3o da Sa\u00fade no Trabalho, Dr. Rodrigo Demarch. Idealmente, um sistema [&hellip;]<\/p>\n","protected":false},"author":1,"featured_media":36395,"comment_status":"closed","ping_status":"closed","sticky":false,"template":"","format":"standard","meta":{"footnotes":""},"categories":[78],"tags":[],"_links":{"self":[{"href":"https:\/\/www.anamt.org.br\/portal\/wp-json\/wp\/v2\/posts\/36385"}],"collection":[{"href":"https:\/\/www.anamt.org.br\/portal\/wp-json\/wp\/v2\/posts"}],"about":[{"href":"https:\/\/www.anamt.org.br\/portal\/wp-json\/wp\/v2\/types\/post"}],"author":[{"embeddable":true,"href":"https:\/\/www.anamt.org.br\/portal\/wp-json\/wp\/v2\/users\/1"}],"replies":[{"embeddable":true,"href":"https:\/\/www.anamt.org.br\/portal\/wp-json\/wp\/v2\/comments?post=36385"}],"version-history":[{"count":0,"href":"https:\/\/www.anamt.org.br\/portal\/wp-json\/wp\/v2\/posts\/36385\/revisions"}],"wp:featuredmedia":[{"embeddable":true,"href":"https:\/\/www.anamt.org.br\/portal\/wp-json\/wp\/v2\/media\/36395"}],"wp:attachment":[{"href":"https:\/\/www.anamt.org.br\/portal\/wp-json\/wp\/v2\/media?parent=36385"}],"wp:term":[{"taxonomy":"category","embeddable":true,"href":"https:\/\/www.anamt.org.br\/portal\/wp-json\/wp\/v2\/categories?post=36385"},{"taxonomy":"post_tag","embeddable":true,"href":"https:\/\/www.anamt.org.br\/portal\/wp-json\/wp\/v2\/tags?post=36385"}],"curies":[{"name":"wp","href":"https:\/\/api.w.org\/{rel}","templated":true}]}}