{"id":36357,"date":"2019-02-14T16:17:58","date_gmt":"2019-02-14T18:17:58","guid":{"rendered":"https:\/\/www.anamt.org.br\/portal\/?p=36357"},"modified":"2019-02-26T15:30:56","modified_gmt":"2019-02-26T18:30:56","slug":"17o-congresso-nacional-da-anamt-acompanhe-as-novidades-e-garanta-sua-inscricao","status":"publish","type":"post","link":"https:\/\/www.anamt.org.br\/portal\/2019\/02\/14\/17o-congresso-nacional-da-anamt-acompanhe-as-novidades-e-garanta-sua-inscricao\/","title":{"rendered":"17\u00ba Congresso Nacional: acompanhe as novidades e garanta sua inscri\u00e7\u00e3o"},"content":{"rendered":"<p><a href=\"https:\/\/www.anamt.org.br\/portal\/wp-content\/uploads\/2019\/02\/vitrine_ANAMT_v11_2.jpg\"><img decoding=\"async\" class=\"wp-image-36366 size-full aligncenter\" src=\"https:\/\/www.anamt.org.br\/portal\/wp-content\/uploads\/2019\/02\/vitrine_ANAMT_v11_2.jpg\" alt=\"\" width=\"650\" height=\"292\" srcset=\"https:\/\/www.anamt.org.br\/portal\/wp-content\/uploads\/2019\/02\/vitrine_ANAMT_v11_2-200x90.jpg 200w, https:\/\/www.anamt.org.br\/portal\/wp-content\/uploads\/2019\/02\/vitrine_ANAMT_v11_2-300x135.jpg 300w, https:\/\/www.anamt.org.br\/portal\/wp-content\/uploads\/2019\/02\/vitrine_ANAMT_v11_2-400x180.jpg 400w, https:\/\/www.anamt.org.br\/portal\/wp-content\/uploads\/2019\/02\/vitrine_ANAMT_v11_2-600x270.jpg 600w, https:\/\/www.anamt.org.br\/portal\/wp-content\/uploads\/2019\/02\/vitrine_ANAMT_v11_2.jpg 650w\" sizes=\"(max-width: 650px) 100vw, 650px\" \/><\/a><\/p>\n<p>Qual \u00e9 o amanh\u00e3 que os M\u00e9dicos do Trabalho podem esperar para especialidade? Quais s\u00e3o os principais desafios que devem ser enfrentados hoje para ampliar o reconhecimento dos profissionais e melhorar a qualidade de vida dos trabalhadores?<\/p>\n<p>Essas s\u00e3o algumas das perguntas que a programa\u00e7\u00e3o cient\u00edfica do 17\u00ba Congresso Nacional da ANAMT busca responder. O evento, que acontece a cada tr\u00eas anos, ser\u00e1 realizado dos dias 15 a 18 de maio de 2019, em Bras\u00edlia, e ter\u00e1 como tema central \u201cValores Essenciais Frente \u00e0s Transforma\u00e7\u00f5es do Trabalho: Hoje e Amanh\u00e3\u201d.<\/p>\n<p>O Congresso possibilitar\u00e1 aos participantes se atualizarem sobre diferentes temas relacionados \u00e0 especialidade, e a troca de experi\u00eancias. \u201c\u00c9 uma oportunidade para o debate t\u00e9cnico-cient\u00edfico de temas atuais, que afetam o exerc\u00edcio da especialidade, enquanto espa\u00e7o de educa\u00e7\u00e3o continuada, e possibilita a troca de experi\u00eancia e forma\u00e7\u00e3o de redes de suporte entre os profissionais da \u00e1rea\u201d, ressalta a diretora cient\u00edfica da Associa\u00e7\u00e3o e coordenadora da comiss\u00e3o cient\u00edfica do evento, Dra. Elizabeth Dias.<\/p>\n<p>Inscreva-se agora e garanta a sua participa\u00e7\u00e3o no evento: <a href=\"http:\/\/www.congressoanamt2019.com.br\/\">http:\/\/www.congressoanamt2019.com.br\/<\/a><\/p>\n<p>Para mais informa\u00e7\u00f5es e d\u00favidas, entre em contato com a Secretaria da ANAMT pelo telefone (11) 3251-0849 ou pelo e-mail <em>secretaria@staging.anamt.org.br<\/em>.<\/p>\n<h3>Cursos pr\u00e9-evento<\/h3>\n<p>No primeiro dia do 17\u00ba Congresso Nacional da ANAMT, ser\u00e3o realizados cursos sobre temas atualmente debatidos na especialidade. Assuntos como as <a href=\"https:\/\/www.anamt.org.br\/portal\/2019\/02\/26\/17o-congresso-nacional-da-anamt-curso-pre-congresso-abordara-o-esocial-e-a-area-de-sst\/\">mudan\u00e7as trazidas pelo eSocial<\/a>, a <a href=\"https:\/\/www.anamt.org.br\/portal\/2019\/02\/12\/17o-congresso-nacional-da-anamt-inclusao-da-pessoa-com-deficiencia-sera-abordada-em-curso\/\">inclus\u00e3o de pessoas com defici\u00eancia no mercado de trabalho<\/a>, a <a href=\"https:\/\/www.anamt.org.br\/portal\/2019\/02\/20\/17o-congresso-nacional-da-anamt-aprendizado-pratico-sobre-gestao-integrada-de-saude-corporativa\/\">gest\u00e3o integrada de sa\u00fade corporativa na pr\u00e1tica<\/a>, o <a href=\"https:\/\/www.anamt.org.br\/portal\/2019\/01\/22\/17o-congresso-nacional-da-anamt-curso-pre-congresso-aborda-laboratorio-de-mudancas\/\">conceito de Laborat\u00f3rio de Mudan\u00e7a<\/a> e <a href=\"https:\/\/www.anamt.org.br\/portal\/2019\/01\/29\/pericia-medica-curso-no-17o-congresso-nacional-da-anamt-trara-abordara-casos-praticos\/\">Per\u00edcia M\u00e9dica<\/a> ser\u00e3o abordados.<\/p>\n<p>Ainda de acordo com a Dra. Elizabeth Dias, o evento oportuniza o debate sobre as mudan\u00e7as na legisla\u00e7\u00e3o de prote\u00e7\u00e3o social em curso, entre elas, a Reforma Trabalhista e a revis\u00e3o de benef\u00edcios por incapacidade laborativa, concedidos pela Previd\u00eancia Social, que tem repercuss\u00f5es sobre o exerc\u00edcio da Medicina do Trabalho. \u201c\u00c9 necess\u00e1rio nos preparar para acompanhar os efeitos e desdobramentos das mudan\u00e7as em curso, e buscar construir, coletivamente, alternativas e solu\u00e7\u00f5es\u201d, afirma Elizabeth Dias.<\/p>\n<h3>Programa\u00e7\u00e3o pr\u00e9via<\/h3>\n<p>O Congresso <a href=\"https:\/\/www.anamt.org.br\/portal\/2018\/12\/18\/17o-congresso-nacional-da-anamt-a-medicina-do-trabalho-em-debate\/\">reunir\u00e1 especialistas nacionais e internacionais<\/a>.\u00a0Entre os participantes confirmados, est\u00e3o Dr. William Buchta, presidente do American College of Occupational and Environmental Medicine (ACOEM); Dra. Lucia Rotenberg, pesquisadora da Funda\u00e7\u00e3o Oswaldo Cruz (Fiocruz) Rio de Janeiro; Dr. Casey Chosewood, pesquisador do National Institute for Occupational Safety and Health (Niosh-USA); La\u00eds Abramo, diretora de Desenvolvimento Social da Comiss\u00e3o Econ\u00f4mica para a Am\u00e9rica Latina e o Caribe (Cepal) da Organiza\u00e7\u00e3o das Na\u00e7\u00f5es Unidas (ONU); e o geneticista Dr. Sergio Danilo Pena pesquisador do Projeto Genoma e professor da UFMG, entre outros.<\/p>\n<p>Na oportunidade, tamb\u00e9m ser\u00e3o apresentadas as realiza\u00e7\u00f5es da gest\u00e3o 2016-2019 da Associa\u00e7\u00e3o e ocorrer\u00e1 a posse da nova Diretoria para o tri\u00eanio 2019-2022. <a href=\"http:\/\/www.congressoanamt2019.com.br\/programacao\/index4_porsala_track_timeline.php\">Acesse a programa\u00e7\u00e3o pr\u00e9via<\/a>.<\/p>\n<h3>Trabalhos cient\u00edficos<\/h3>\n<p>Os M\u00e9dicos do Trabalho, acad\u00eamicos e estudantes interessados em apresentar trabalhos no 17\u00ba Congresso Nacional da ANAMT ter\u00e3o uma motiva\u00e7\u00e3o a mais para aprimorar seus projetos.<\/p>\n<p>Especialmente nesta edi\u00e7\u00e3o, a Associa\u00e7\u00e3o premiar\u00e1 os melhores trabalhos cient\u00edficos em tr\u00eas categorias:<\/p>\n<p>\u25cf Pr\u00eamio Dr. Bernardo Bedrikow \u2013 Inova\u00e7\u00e3o e pr\u00e1ticas em Sa\u00fade e Seguran\u00e7a no Trabalho<\/p>\n<p>\u25cf Pr\u00eamio Dr. Diogo Pupo Nogueira \u2013 Pr\u00e1ticas bem-sucedidas em Sa\u00fade e Seguran\u00e7a no Trabalho<\/p>\n<p>\u25cf Pr\u00eamio Dra. Talita Borges do Carmo Tudor \u2013 Jovem pesquisador (at\u00e9 40 anos na data da submiss\u00e3o do trabalho)<\/p>\n<p>Os vencedores receber\u00e3o um certificado e um valor financeiro que ainda ser\u00e1 definido pela Associa\u00e7\u00e3o. Al\u00e9m de concorrer a estes pr\u00eamios, caso seja do interesse do autor do trabalho inscrito, todos os resumos aceitos \u2013 tanto para apresenta\u00e7\u00e3o oral como p\u00f4ster \u2013 ser\u00e3o publicados em n\u00famero especial da Revista Brasileira de Medicina do Trabalho (RBMT). <a href=\"https:\/\/www.anamt.org.br\/portal\/2019\/01\/29\/anamt-premiara-os-melhores-trabalhos-cientificos-no-17o-congresso-nacional\/\">Conhe\u00e7a os termos de participa\u00e7\u00e3o aqui<\/a>.<\/p>\n<h3>Local do evento<\/h3>\n<p><a href=\"https:\/\/www.anamt.org.br\/portal\/wp-content\/uploads\/2019\/02\/CBIC.jpg\"><img decoding=\"async\" class=\"size-full wp-image-36361 aligncenter\" src=\"https:\/\/www.anamt.org.br\/portal\/wp-content\/uploads\/2019\/02\/CBIC.jpg\" alt=\"\" width=\"650\" height=\"365\" srcset=\"https:\/\/www.anamt.org.br\/portal\/wp-content\/uploads\/2019\/02\/CBIC-200x112.jpg 200w, https:\/\/www.anamt.org.br\/portal\/wp-content\/uploads\/2019\/02\/CBIC-300x168.jpg 300w, https:\/\/www.anamt.org.br\/portal\/wp-content\/uploads\/2019\/02\/CBIC-400x225.jpg 400w, https:\/\/www.anamt.org.br\/portal\/wp-content\/uploads\/2019\/02\/CBIC-600x337.jpg 600w, https:\/\/www.anamt.org.br\/portal\/wp-content\/uploads\/2019\/02\/CBIC.jpg 650w\" sizes=\"(max-width: 650px) 100vw, 650px\" \/><\/a><\/p>\n<p>Um dos maiores e mais modernos espa\u00e7os para eventos do Brasil, o Centro Internacional de Conven\u00e7\u00f5es do Brasil (CICB) conta com padr\u00e3o mundial de versatilidade, sustentabilidade e conforto. As tecnologias e dimens\u00f5es do local proporcionam infinitas possibilidades.<\/p>\n<p>Capaz de receber mais de 10.000 pessoas, o CICB foi projetado para oferecer entradas independentes e total isolamento ac\u00fastico. O Centro tamb\u00e9m conta com estacionamento para 1.600 carros, sendo 1.000 em \u00e1rea coberta, entradas independentes para as docas e 6 geradores pr\u00f3prios e automatizados (de 625kvas cada proporcionando 3.750kvas) dando total autonomia ao local.<\/p>\n<h3>Turismo<\/h3>\n<p class=\"textonavegacao\">Bras\u00edlia \u00e9 uma cidade \u00e0 frente do seu tempo. Seu surgimento mudou o panorama do pa\u00eds, tanto pol\u00edtico como econ\u00f4mico. Em 1883, um sonho de Dom Bosco previu o surgimento de uma civiliza\u00e7\u00e3o muito pr\u00f3spera, com um grande lago entre os paralelos 15\u00ba e 20\u00ba Sul, local onde hoje est\u00e1 localizada Bras\u00edlia. Segundo a diretora cient\u00edfica da Associa\u00e7\u00e3o e coordenadora da comiss\u00e3o cient\u00edfica do evento, Dra. Elizabeth Dias, a escolha da capital federal para sediar o evento ocorre em um contexto de mudan\u00e7as das lideran\u00e7as governamentais, com repercuss\u00f5es sobre as politicas p\u00fablicas para a \u00e1rea, que afetam o exerc\u00edcio da especialidade.<\/p>\n<p class=\"textonavegacao\">Conhe\u00e7a um pouco mais sobre os atrativos locais no <a href=\"http:\/\/www.congressoanamt2019.com.br\/hospedagem\/sobre.php#topo\">hotsite do 17\u00ba Congresso Nacional da ANAMT<\/a>.<\/p>\n","protected":false},"excerpt":{"rendered":"<p>Qual \u00e9 o amanh\u00e3 que os M\u00e9dicos do Trabalho podem esperar para especialidade? Quais s\u00e3o os principais desafios que devem ser enfrentados hoje para ampliar o reconhecimento dos profissionais e melhorar a qualidade de vida dos trabalhadores? Essas s\u00e3o algumas das perguntas que a programa\u00e7\u00e3o cient\u00edfica do 17\u00ba Congresso Nacional da ANAMT busca responder. O [&hellip;]<\/p>\n","protected":false},"author":1,"featured_media":35858,"comment_status":"closed","ping_status":"closed","sticky":false,"template":"","format":"standard","meta":{"footnotes":""},"categories":[78],"tags":[],"_links":{"self":[{"href":"https:\/\/www.anamt.org.br\/portal\/wp-json\/wp\/v2\/posts\/36357"}],"collection":[{"href":"https:\/\/www.anamt.org.br\/portal\/wp-json\/wp\/v2\/posts"}],"about":[{"href":"https:\/\/www.anamt.org.br\/portal\/wp-json\/wp\/v2\/types\/post"}],"author":[{"embeddable":true,"href":"https:\/\/www.anamt.org.br\/portal\/wp-json\/wp\/v2\/users\/1"}],"replies":[{"embeddable":true,"href":"https:\/\/www.anamt.org.br\/portal\/wp-json\/wp\/v2\/comments?post=36357"}],"version-history":[{"count":0,"href":"https:\/\/www.anamt.org.br\/portal\/wp-json\/wp\/v2\/posts\/36357\/revisions"}],"wp:featuredmedia":[{"embeddable":true,"href":"https:\/\/www.anamt.org.br\/portal\/wp-json\/wp\/v2\/media\/35858"}],"wp:attachment":[{"href":"https:\/\/www.anamt.org.br\/portal\/wp-json\/wp\/v2\/media?parent=36357"}],"wp:term":[{"taxonomy":"category","embeddable":true,"href":"https:\/\/www.anamt.org.br\/portal\/wp-json\/wp\/v2\/categories?post=36357"},{"taxonomy":"post_tag","embeddable":true,"href":"https:\/\/www.anamt.org.br\/portal\/wp-json\/wp\/v2\/tags?post=36357"}],"curies":[{"name":"wp","href":"https:\/\/api.w.org\/{rel}","templated":true}]}}