{"id":3618,"date":"2016-04-11T10:58:51","date_gmt":"2016-04-11T13:58:51","guid":{"rendered":"https:\/\/www.anamt.org.br\/portal\/2016\/04\/11\/profissionais-de-saude-lideram-ranking-de-acidentes-de-trabalho\/"},"modified":"2016-04-11T10:58:51","modified_gmt":"2016-04-11T13:58:51","slug":"profissionais-de-saude-lideram-ranking-de-acidentes-de-trabalho","status":"publish","type":"post","link":"https:\/\/www.anamt.org.br\/portal\/2016\/04\/11\/profissionais-de-saude-lideram-ranking-de-acidentes-de-trabalho\/","title":{"rendered":"Profissionais de sa\u00fade lideram ranking de acidentes de trabalho"},"content":{"rendered":"<p><em>Data: 11 de abril<\/em><\/p>\n<p><\/p>\n<p style=\"text-align: justify;\">A Associa\u00e7\u00e3o Nacional de Medicina do Trabalho (ANAMT) divulgou, e fa\u00e7o quest\u00e3o de repercutir neste espa\u00e7o um assunto que muito nos importa. M\u00e9dicos, enfermeiros e outros profissionais da \u00e1rea de sa\u00fade lideram o ranking de acidentes ocupacionais no Brasil. Parece um contrassenso, mas esses profissionais, que trabalham em ambientes que favorecem a ocorr\u00eancia de doen\u00e7as infectocontagiosas, provocadas por agentes biol\u00f3gicos e pela contamina\u00e7\u00e3o, carecem de programas de gest\u00e3o de risco ocupacionais mais eficazes.<\/p>\n<p><\/p>\n<p style=\"text-align: justify;\">Segundo Rafael Torres, m\u00e9dico do Hospital das Cl\u00ednicas da Faculdade de Medicina da USP, \u201cas condi\u00e7\u00f5es do trabalho e da sa\u00fade dos m\u00e9dicos s\u00e3o negligenciadas. H\u00e1 v\u00e1rias quest\u00f5es envolvidas nessa neglig\u00eancia, desde a postura dos m\u00e9dicos, altamente resistentes aos exames peri\u00f3dicos, at\u00e9 aspectos da organiza\u00e7\u00e3o do trabalho com um n\u00famero excessivo de horas trabalhadas, na maioria das vezes, de forma aut\u00f4noma\u201d, explica. O quadro refletido est\u00e1 diretamente relacionado \u00e0 quest\u00e3o cultural, pois o profissional de sa\u00fade, \u201cesquece\u201d da pr\u00f3pria sa\u00fade. \u201cSomos \u2018treinados\u2019 para diagnosticar, medicar, aconselhar e prevenir doen\u00e7as na popula\u00e7\u00e3o, e \u00e9 sempre mais f\u00e1cil analisar um caso quando n\u00e3o estamos envolvidos diretamente\u201d, explica Torres.<\/p>\n<p><\/p>\n<p>A influ\u00eancia sobre a maior incid\u00eancia de doen\u00e7as ocupacionais entre os profissionais de todos os setores, especialmente os da \u00e1rea de sa\u00fade, pode ser apontada pelo aumento das horas trabalhadas e do n\u00famero de v\u00ednculos. \u201cA organiza\u00e7\u00e3o do trabalho e as rela\u00e7\u00f5es entre o profissional e o meio em que est\u00e1 inserido contribuem de maneira significativa para o adoecimento\u201d, destaca.<\/p>\n<p><\/p>\n<p style=\"text-align: justify;\">O fato de liderar o ranking das doen\u00e7as laborais \u00e9 t\u00e3o ins\u00f3lito, que a ANAMT j\u00e1 colocou o tema no painel tem\u00e1tico do congresso da \u00e1rea que ocorrer\u00e1 em maio, \u201cCuidando de quem cuida\u201d. Tamb\u00e9m ser\u00e1 debatido no evento \u201cAs condi\u00e7\u00f5es de trabalho e da sa\u00fade dos profissionais de sa\u00fade do setor p\u00fablico e privado\u201d. Ali\u00e1s, quando ressalto que \u00e9 necess\u00e1rio haver uma gest\u00e3o competente para preservar os profissionais de doen\u00e7as e acidentes de trabalho, chego ao ponto delicado do problema: falta recursos para a sa\u00fade e sucateamento dos servi\u00e7os p\u00fablicos, que acabam expondo os trabalhadores dos servi\u00e7os a riscos biomec\u00e2nicos e psicossociais, al\u00e9m de potencializar o risco biol\u00f3gico.<\/p>\n<p><\/p>\n<p style=\"text-align: justify;\">Marcelo Pustiglioni, m\u00e9dico do trabalho, explica que enfermeiros, seguidos pelos m\u00e9dicos e estudantes (residentes e estagi\u00e1rios) s\u00e3o os grupos de trabalho mais expostos aos riscos. Mas, o pessoal da higieniza\u00e7\u00e3o e limpeza tamb\u00e9m aparece nas estat\u00edsticas. Isso por causa das falhas no descarte de material contaminado e porque, ao se acidentarem, \u00e9 muito dif\u00edcil identificar o paciente-fonte e isso complica muito a decis\u00e3o de quimioprofilaxia.<\/p>\n<p><\/p>\n<p style=\"text-align: justify;\">Entre os principais acidentes de trabalho em servi\u00e7os de sa\u00fade, destacam-se aqueles com exposi\u00e7\u00e3o ao material biol\u00f3gico, particularmente sangue e secre\u00e7\u00f5es. Seja os veiculados por material perfurocortante, como agulhas e l\u00e2minas, seja por respingos em mucosas, como os olhos e a boca, ou solu\u00e7\u00f5es de continuidade na pele, como cortes e feridas. Pustiglioni convoca o governo a fazer a parte de legislar e fiscalizar de maneira competente. Pois \u00e9, quando o problema est\u00e1 apenas nas m\u00e3os da iniciativa privada, a solu\u00e7\u00e3o pode ser dif\u00edcil, mas n\u00e3o \u00e9 imposs\u00edvel, agora, quando o assunto est\u00e1 por conta do estado\/governo, o ceticismo \u00e9 que prevalece, com a solu\u00e7\u00e3o do problema ficando bem mais dif\u00edcil. N\u00e3o vou mentir!<\/p>\n<p><\/p>\n<p style=\"text-align: justify;\"><em>(Fonte: Blog Emily Sobral)<\/em><\/p>\n","protected":false},"excerpt":{"rendered":"<p>Condi\u00e7\u00f5es do trabalho e da sa\u00fade dos m\u00e9dicos, enfermeiros e outros profissionais da \u00e1rea s\u00e3o negligenciadas<\/p>\n","protected":false},"author":1,"featured_media":0,"comment_status":"closed","ping_status":"closed","sticky":false,"template":"","format":"standard","meta":{"footnotes":""},"categories":[8],"tags":[],"_links":{"self":[{"href":"https:\/\/www.anamt.org.br\/portal\/wp-json\/wp\/v2\/posts\/3618"}],"collection":[{"href":"https:\/\/www.anamt.org.br\/portal\/wp-json\/wp\/v2\/posts"}],"about":[{"href":"https:\/\/www.anamt.org.br\/portal\/wp-json\/wp\/v2\/types\/post"}],"author":[{"embeddable":true,"href":"https:\/\/www.anamt.org.br\/portal\/wp-json\/wp\/v2\/users\/1"}],"replies":[{"embeddable":true,"href":"https:\/\/www.anamt.org.br\/portal\/wp-json\/wp\/v2\/comments?post=3618"}],"version-history":[{"count":0,"href":"https:\/\/www.anamt.org.br\/portal\/wp-json\/wp\/v2\/posts\/3618\/revisions"}],"wp:attachment":[{"href":"https:\/\/www.anamt.org.br\/portal\/wp-json\/wp\/v2\/media?parent=3618"}],"wp:term":[{"taxonomy":"category","embeddable":true,"href":"https:\/\/www.anamt.org.br\/portal\/wp-json\/wp\/v2\/categories?post=3618"},{"taxonomy":"post_tag","embeddable":true,"href":"https:\/\/www.anamt.org.br\/portal\/wp-json\/wp\/v2\/tags?post=3618"}],"curies":[{"name":"wp","href":"https:\/\/api.w.org\/{rel}","templated":true}]}}