{"id":35785,"date":"2019-01-22T12:24:31","date_gmt":"2019-01-22T14:24:31","guid":{"rendered":"https:\/\/www.anamt.org.br\/portal\/?p=35785"},"modified":"2019-02-12T10:18:45","modified_gmt":"2019-02-12T12:18:45","slug":"17o-congresso-nacional-da-anamt-curso-pre-congresso-aborda-laboratorio-de-mudancas","status":"publish","type":"post","link":"https:\/\/www.anamt.org.br\/portal\/2019\/01\/22\/17o-congresso-nacional-da-anamt-curso-pre-congresso-aborda-laboratorio-de-mudancas\/","title":{"rendered":"17\u00ba Congresso Nacional da ANAMT: Curso aborda Laborat\u00f3rio de Mudan\u00e7as"},"content":{"rendered":"<p>No primeiro dia do 17\u00ba Congresso Nacional da ANAMT, ser\u00e3o realizados cursos sobre temas relacionados \u00e0 especialidade. Entre os assuntos a serem tratados, est\u00e1 o conceito de Laborat\u00f3rio de Mudan\u00e7a, que ser\u00e1 abordado no curso oferecido pelos professores Ildeberto de Almeida, da Faculdade de Medicina de Botucatu (Unesp); Rodrigo Vilela, da Faculdade de Sa\u00fade P\u00fablica da USP, com participa\u00e7\u00e3o da p\u00f3s-doutoranda Amanda Macaia.<\/p>\n<p>O m\u00e9todo, de origem finlandesa, tem por objetivo ajudar os praticantes a analisar suas atividades em perspectiva hist\u00f3rica e sist\u00eamica, pactuando com a participa\u00e7\u00e3o de pessoal do sistema em quest\u00e3o de modo a obter sua participa\u00e7\u00e3o formulando hip\u00f3teses de explica\u00e7\u00f5es para os problemas e de solu\u00e7\u00f5es a serem implementadas, constru\u00edda em duas etapas: uma etnogr\u00e1fica preliminar e a segunda, uma s\u00e9rie de encontros denominados de sess\u00f5es do Laborat\u00f3rio de Mudan\u00e7as.<\/p>\n<p>\u201cO material colhido na etapa etnogr\u00e1fica \u00e9 usado nas sess\u00f5es como \u00e9 usado como espelho de um problema inicialmente verbalizado ou sentido. Se o problema selecionado for reconhecido como tal pelos participantes, permitir\u00e1 a cria\u00e7\u00e3o de um debate que parte de explica\u00e7\u00f5es emocionais e evolui para suas raz\u00f5es hist\u00f3ricas e sist\u00eamicas. Nesse processo trabalha-se com conceito de dupla estimula\u00e7\u00e3o, num processo em que os participantes s\u00e3o estimulados a reverem o problema preliminar com ajuda de conceitos ou outros instrumentos\u201d, explica Dr. Ildeberto.<\/p>\n<p><a href=\"https:\/\/www.anamt.org.br\/portal\/2019\/01\/29\/pericia-medica-curso-no-17o-congresso-nacional-da-anamt-trara-abordara-casos-praticos\/\" target=\"_blank\" rel=\"noopener\">Leia tamb\u00e9m: Curso pr\u00e9-congresso de Per\u00edcia M\u00e9dica abordar\u00e1 casos pr\u00e1ticos<\/a><\/p>\n<p>O Laborat\u00f3rio de Mudan\u00e7as j\u00e1 foi aplicado em muitas \u00e1reas de atua\u00e7\u00e3o, inclusive na de sa\u00fade do trabalhador, como na an\u00e1lise de acidentes de trabalho na reforma de aeroporto, na reorganiza\u00e7\u00e3o do Cerest de Piracicaba, na reorganiza\u00e7\u00e3o de trabalho de Auditoria Fiscal do Trabalho e tamb\u00e9m na Previd\u00eancia Social, na \u00e1rea de reabilita\u00e7\u00e3o de trabalhadores.<\/p>\n<p>\u201cO Congresso \u00e9 um momento de muita expectativa porque esperamos trazer para o debate as novidades sobre a \u00e1rea de sa\u00fade e seguran\u00e7a do trabalho. Al\u00e9m disso, temos a expectativa de amadurecimento de reflex\u00f5es sobre diferentes assuntos, como os desafios da \u00e9tica em sa\u00fade do trabalhador, que historicamente s\u00e3o renovados e esperamos que novas reflex\u00f5es apare\u00e7am sobre o tema. Tamb\u00e9m \u00e9 uma oportunidade de confraterniza\u00e7\u00e3o, troca e atualiza\u00e7\u00e3o sobre o que os colegas est\u00e3o fazendo\u201d, destacou Dr. Ildeberto.<\/p>\n<p><strong>Servi\u00e7o:<\/strong><\/p>\n<p>17\u00ba Congresso Nacional da ANAMT<br \/>\nTema: Valores Essenciais Frente \u00e0s Transforma\u00e7\u00f5es do Trabalho: Hoje e Amanh\u00e3<br \/>\nData: 15 a 18 de maio de 2019<br \/>\nLocal: CICB \u2013 Centro Internacional de Conven\u00e7\u00f5es do Brasil \u2013 Setor de Clubes Esportivo Sul \u2013 Trecho 02, Conjunto 63, Lote 50, Bras\u00edlia (DF)<br \/>\nSite: <a href=\"http:\/\/www.congressoanamt2019.com.br\/\" target=\"_blank\" rel=\"noopener\">http:\/\/www.congressoanamt2019.com.br\/<\/a><\/p>\n","protected":false},"excerpt":{"rendered":"<p>No primeiro dia do 17\u00ba Congresso Nacional da ANAMT, ser\u00e3o realizados cursos sobre temas relacionados \u00e0 especialidade. Entre os assuntos a serem tratados, est\u00e1 o conceito de Laborat\u00f3rio de Mudan\u00e7a, que ser\u00e1 abordado no curso oferecido pelos professores Ildeberto de Almeida, da Faculdade de Medicina de Botucatu (Unesp); Rodrigo Vilela, da Faculdade de Sa\u00fade P\u00fablica [&hellip;]<\/p>\n","protected":false},"author":1,"featured_media":35332,"comment_status":"closed","ping_status":"closed","sticky":false,"template":"","format":"standard","meta":{"footnotes":""},"categories":[77],"tags":[],"_links":{"self":[{"href":"https:\/\/www.anamt.org.br\/portal\/wp-json\/wp\/v2\/posts\/35785"}],"collection":[{"href":"https:\/\/www.anamt.org.br\/portal\/wp-json\/wp\/v2\/posts"}],"about":[{"href":"https:\/\/www.anamt.org.br\/portal\/wp-json\/wp\/v2\/types\/post"}],"author":[{"embeddable":true,"href":"https:\/\/www.anamt.org.br\/portal\/wp-json\/wp\/v2\/users\/1"}],"replies":[{"embeddable":true,"href":"https:\/\/www.anamt.org.br\/portal\/wp-json\/wp\/v2\/comments?post=35785"}],"version-history":[{"count":0,"href":"https:\/\/www.anamt.org.br\/portal\/wp-json\/wp\/v2\/posts\/35785\/revisions"}],"wp:featuredmedia":[{"embeddable":true,"href":"https:\/\/www.anamt.org.br\/portal\/wp-json\/wp\/v2\/media\/35332"}],"wp:attachment":[{"href":"https:\/\/www.anamt.org.br\/portal\/wp-json\/wp\/v2\/media?parent=35785"}],"wp:term":[{"taxonomy":"category","embeddable":true,"href":"https:\/\/www.anamt.org.br\/portal\/wp-json\/wp\/v2\/categories?post=35785"},{"taxonomy":"post_tag","embeddable":true,"href":"https:\/\/www.anamt.org.br\/portal\/wp-json\/wp\/v2\/tags?post=35785"}],"curies":[{"name":"wp","href":"https:\/\/api.w.org\/{rel}","templated":true}]}}