{"id":35745,"date":"2019-01-17T10:25:54","date_gmt":"2019-01-17T12:25:54","guid":{"rendered":"https:\/\/www.anamt.org.br\/portal\/?p=35745"},"modified":"2019-01-17T10:31:06","modified_gmt":"2019-01-17T12:31:06","slug":"ambiente-de-testes-do-esocial-estara-disponivel-para-eventos-de-sst-a-partir-de-18-de-marco","status":"publish","type":"post","link":"https:\/\/www.anamt.org.br\/portal\/2019\/01\/17\/ambiente-de-testes-do-esocial-estara-disponivel-para-eventos-de-sst-a-partir-de-18-de-marco\/","title":{"rendered":"Ambiente de testes do eSocial estar\u00e1 dispon\u00edvel para eventos de SST a partir de 18\/03"},"content":{"rendered":"<p>O ambiente de testes (produ\u00e7\u00e3o restrita) ser\u00e1 aberto para o recebimento de eventos de Seguran\u00e7a e Sa\u00fade no Trabalho &#8211; SST a partir do dia 18 de mar\u00e7o. Comp\u00f5em os eventos de SST a tabela de ambientes de trabalho, comunica\u00e7\u00e3o de acidente de trabalho, monitoramento da sa\u00fade do trabalhador, exame toxicol\u00f3gico do motorista profissional, condi\u00e7\u00f5es ambientais do trabalho &#8211; fatores de risco, treinamentos, capacita\u00e7\u00f5es, exerc\u00edcios simulados e outras anota\u00e7\u00f5es.<\/p>\n<p>De acordo com o cronograma do eSocial, os primeiros obrigados ao envio dos eventos de SST, a partir de julho de 2019, s\u00e3o as grandes empresas (com faturamento superior a R$78 milh\u00f5es), pertencentes ao Grupo 1.<\/p>\n<p>(Fonte: Portal do eSocial)<\/p>\n","protected":false},"excerpt":{"rendered":"<p>O ambiente de testes (produ\u00e7\u00e3o restrita) ser\u00e1 aberto para o recebimento de eventos de Seguran\u00e7a e Sa\u00fade no Trabalho &#8211; SST a partir do dia 18 de mar\u00e7o. Comp\u00f5em os eventos de SST a tabela de ambientes de trabalho, comunica\u00e7\u00e3o de acidente de trabalho, monitoramento da sa\u00fade do trabalhador, exame toxicol\u00f3gico do motorista profissional, condi\u00e7\u00f5es [&hellip;]<\/p>\n","protected":false},"author":1,"featured_media":30872,"comment_status":"closed","ping_status":"closed","sticky":false,"template":"","format":"standard","meta":{"footnotes":""},"categories":[79],"tags":[],"_links":{"self":[{"href":"https:\/\/www.anamt.org.br\/portal\/wp-json\/wp\/v2\/posts\/35745"}],"collection":[{"href":"https:\/\/www.anamt.org.br\/portal\/wp-json\/wp\/v2\/posts"}],"about":[{"href":"https:\/\/www.anamt.org.br\/portal\/wp-json\/wp\/v2\/types\/post"}],"author":[{"embeddable":true,"href":"https:\/\/www.anamt.org.br\/portal\/wp-json\/wp\/v2\/users\/1"}],"replies":[{"embeddable":true,"href":"https:\/\/www.anamt.org.br\/portal\/wp-json\/wp\/v2\/comments?post=35745"}],"version-history":[{"count":0,"href":"https:\/\/www.anamt.org.br\/portal\/wp-json\/wp\/v2\/posts\/35745\/revisions"}],"wp:featuredmedia":[{"embeddable":true,"href":"https:\/\/www.anamt.org.br\/portal\/wp-json\/wp\/v2\/media\/30872"}],"wp:attachment":[{"href":"https:\/\/www.anamt.org.br\/portal\/wp-json\/wp\/v2\/media?parent=35745"}],"wp:term":[{"taxonomy":"category","embeddable":true,"href":"https:\/\/www.anamt.org.br\/portal\/wp-json\/wp\/v2\/categories?post=35745"},{"taxonomy":"post_tag","embeddable":true,"href":"https:\/\/www.anamt.org.br\/portal\/wp-json\/wp\/v2\/tags?post=35745"}],"curies":[{"name":"wp","href":"https:\/\/api.w.org\/{rel}","templated":true}]}}