{"id":35673,"date":"2019-01-07T09:18:18","date_gmt":"2019-01-07T11:18:18","guid":{"rendered":"https:\/\/www.anamt.org.br\/portal\/?p=35673"},"modified":"2019-01-08T15:50:00","modified_gmt":"2019-01-08T17:50:00","slug":"anamt-defende-o-valor-das-acoes-de-fiscalizacao-e-regulamentacao-exercidas-pelo-extinto-ministerio-do-trabalho","status":"publish","type":"post","link":"https:\/\/www.anamt.org.br\/portal\/2019\/01\/07\/anamt-defende-o-valor-das-acoes-de-fiscalizacao-e-regulamentacao-exercidas-pelo-extinto-ministerio-do-trabalho\/","title":{"rendered":"ANAMT defende a\u00e7\u00f5es de fiscaliza\u00e7\u00e3o e regulamenta\u00e7\u00e3o do extinto Minist\u00e9rio do Trabalho"},"content":{"rendered":"<p>A Associa\u00e7\u00e3o Nacional de Medicina do Trabalho (ANAMT) \u00e9 uma sociedade civil de car\u00e1ter cient\u00edfico que, h\u00e1 cinco d\u00e9cadas, trabalha para congregar profissionais interessados na promo\u00e7\u00e3o da sa\u00fade dos trabalhadores brasileiros. Sempre pautamos nossa atua\u00e7\u00e3o na formula\u00e7\u00e3o de pol\u00edticas e organiza\u00e7\u00e3o da aten\u00e7\u00e3o integral \u00e0 sa\u00fade dos trabalhadores.<\/p>\n<p>Diante disso, observamos com preocupa\u00e7\u00e3o a extin\u00e7\u00e3o do Minist\u00e9rio do Trabalho e a divis\u00e3o de suas atribui\u00e7\u00f5es entre as demais pastas. Reconhecemos a import\u00e2ncia hist\u00f3rica do Minist\u00e9rio, que foi estruturado em 1930 e exerceu pap\u00e9is fundamentais na prote\u00e7\u00e3o dos trabalhadores, como a regulamenta\u00e7\u00e3o e fiscaliza\u00e7\u00e3o do trabalho.<\/p>\n<p>A ANAMT espera que, mesmo sob sua nova estrutura, a atua\u00e7\u00e3o do Minist\u00e9rio do Trabalho \u2013 como as inspe\u00e7\u00f5es de trabalho e aprimoramento de normas regulamentadoras \u2013 sejam mantidas, assim como seus recursos para alcan\u00e7ar esta finalidade, tal qual a Fundacentro, que \u00e9 um importante centro irradiador de informa\u00e7\u00f5es e gerador de conhecimento a partir de suas pesquisas, al\u00e9m da presta\u00e7\u00e3o de servi\u00e7os e capacita\u00e7\u00e3o. Sem fiscaliza\u00e7\u00e3o e pesquisa, a pr\u00f3pria regulamenta\u00e7\u00e3o tende a perder for\u00e7a.<\/p>\n<p>Hoje, o Observat\u00f3rio Digital de Sa\u00fade e Seguran\u00e7a do Trabalho, desenvolvido pelo Minist\u00e9rio P\u00fablico do Trabalho (MPT), indica que, ao longo de 2017, ao menos um trabalhador morreu a cada 4,5 horas v\u00edtima de acidente de trabalho \u2013 no total, 1,066 milh\u00e3o de acidentes foram registrados neste mesmo per\u00edodo. Ainda de acordo com o Observat\u00f3rio, a Previd\u00eancia Social gastou mais de R$ 26,2 bilh\u00f5es com pagamento de aux\u00edlios-doen\u00e7a, aposentadorias por invalidez, aux\u00edlios-acidente e pens\u00f5es por morte de trabalhadores, apenas contando novas concess\u00f5es entre 2012 e 2017.<\/p>\n<p>Esses n\u00fameros apresentam o enorme desafio que est\u00e1 diante do novo governo, assim como o enorme preju\u00edzo humano e financeiro que a falta de aten\u00e7\u00e3o \u00e0 prote\u00e7\u00e3o dos trabalhadores pode causar. Em um cen\u00e1rio de desemprego e flexibiliza\u00e7\u00e3o das rela\u00e7\u00f5es de trabalho, as pol\u00edticas p\u00fablicas voltadas \u00e0 sa\u00fade do trabalhador s\u00e3o de extrema import\u00e2ncia \u2013 muitas delas desenvolvidas, aprimoradas e fiscalizadas pelo Minist\u00e9rio do Trabalho. A ANAMT, como defensora da Medicina do Trabalho e da sa\u00fade dos trabalhadores, pede ao novo governo que valorize a prote\u00e7\u00e3o integral do trabalhador, al\u00e9m de registrar aqui seu apoio \u00e0 atua\u00e7\u00e3o hist\u00f3rica da pasta.<\/p>\n","protected":false},"excerpt":{"rendered":"<p>A Associa\u00e7\u00e3o Nacional de Medicina do Trabalho (ANAMT) \u00e9 uma sociedade civil de car\u00e1ter cient\u00edfico que, h\u00e1 cinco d\u00e9cadas, trabalha para congregar profissionais interessados na promo\u00e7\u00e3o da sa\u00fade dos trabalhadores brasileiros. Sempre pautamos nossa atua\u00e7\u00e3o na formula\u00e7\u00e3o de pol\u00edticas e organiza\u00e7\u00e3o da aten\u00e7\u00e3o integral \u00e0 sa\u00fade dos trabalhadores. Diante disso, observamos com preocupa\u00e7\u00e3o a extin\u00e7\u00e3o [&hellip;]<\/p>\n","protected":false},"author":1,"featured_media":30865,"comment_status":"closed","ping_status":"closed","sticky":false,"template":"","format":"standard","meta":{"footnotes":""},"categories":[1],"tags":[],"_links":{"self":[{"href":"https:\/\/www.anamt.org.br\/portal\/wp-json\/wp\/v2\/posts\/35673"}],"collection":[{"href":"https:\/\/www.anamt.org.br\/portal\/wp-json\/wp\/v2\/posts"}],"about":[{"href":"https:\/\/www.anamt.org.br\/portal\/wp-json\/wp\/v2\/types\/post"}],"author":[{"embeddable":true,"href":"https:\/\/www.anamt.org.br\/portal\/wp-json\/wp\/v2\/users\/1"}],"replies":[{"embeddable":true,"href":"https:\/\/www.anamt.org.br\/portal\/wp-json\/wp\/v2\/comments?post=35673"}],"version-history":[{"count":0,"href":"https:\/\/www.anamt.org.br\/portal\/wp-json\/wp\/v2\/posts\/35673\/revisions"}],"wp:featuredmedia":[{"embeddable":true,"href":"https:\/\/www.anamt.org.br\/portal\/wp-json\/wp\/v2\/media\/30865"}],"wp:attachment":[{"href":"https:\/\/www.anamt.org.br\/portal\/wp-json\/wp\/v2\/media?parent=35673"}],"wp:term":[{"taxonomy":"category","embeddable":true,"href":"https:\/\/www.anamt.org.br\/portal\/wp-json\/wp\/v2\/categories?post=35673"},{"taxonomy":"post_tag","embeddable":true,"href":"https:\/\/www.anamt.org.br\/portal\/wp-json\/wp\/v2\/tags?post=35673"}],"curies":[{"name":"wp","href":"https:\/\/api.w.org\/{rel}","templated":true}]}}