{"id":35665,"date":"2019-01-29T13:31:56","date_gmt":"2019-01-29T15:31:56","guid":{"rendered":"https:\/\/www.anamt.org.br\/portal\/?p=35665"},"modified":"2019-01-29T16:25:04","modified_gmt":"2019-01-29T18:25:04","slug":"anamt-premiara-os-melhores-trabalhos-cientificos-no-17o-congresso-nacional","status":"publish","type":"post","link":"https:\/\/www.anamt.org.br\/portal\/2019\/01\/29\/anamt-premiara-os-melhores-trabalhos-cientificos-no-17o-congresso-nacional\/","title":{"rendered":"17\u00ba Congresso Nacional: inscri\u00e7\u00f5es dos trabalhos cient\u00edficos s\u00e3o prorrogadas"},"content":{"rendered":"<p>Os M\u00e9dicos do Trabalho, acad\u00eamicos e estudantes interessados em apresentar trabalhos no <a href=\"http:\/\/www.congressoanamt2019.com.br\/\" target=\"_blank\" rel=\"noopener\">17\u00ba Congresso Nacional da ANAMT<\/a> ter\u00e3o uma motiva\u00e7\u00e3o a mais para aprimorar seus projetos. Especialmente nesta edi\u00e7\u00e3o, a Associa\u00e7\u00e3o premiar\u00e1 os melhores trabalhos cient\u00edficos em tr\u00eas categorias:<\/p>\n<p>\u25cf Pr\u00eamio Dr. Bernardo Bedrikow \u2013 Inova\u00e7\u00e3o e pr\u00e1ticas em Sa\u00fade e Seguran\u00e7a no Trabalho<\/p>\n<p>\u25cf Pr\u00eamio Dr. Diogo Pupo Nogueira \u2013 Pr\u00e1ticas bem-sucedidas em Sa\u00fade e Seguran\u00e7a no Trabalho<\/p>\n<p>\u25cf Pr\u00eamio Dra. Talita Borges do Carmo Tudor \u2013 Jovem pesquisador (at\u00e9 40 anos na data da submiss\u00e3o do trabalho)<\/p>\n<p>Os vencedores receber\u00e3o um certificado e um valor financeiro que ainda ser\u00e1 definido pela Associa\u00e7\u00e3o. Al\u00e9m de concorrer a estes pr\u00eamios, caso seja do interesse do autor do trabalho inscrito, todos os resumos aceitos \u2013 tanto para apresenta\u00e7\u00e3o oral como p\u00f4ster \u2013 ser\u00e3o publicados em n\u00famero especial da Revista Brasileira de Medicina do Trabalho (RBMT).<\/p>\n<p>N\u00e3o perca tempo e se inscreva. A data limite para inscri\u00e7\u00e3o de trabalhos cient\u00edficos no Congresso \u00e9 no dia 31 de janeiro \u00e0s 23:59. Clique <a href=\"http:\/\/www.congressoanamt2019.com.br\/trabalhos\/index.php#topo\" target=\"_blank\" rel=\"noopener\">aqui<\/a> para ver o regulamento e inscrever-se. O 17\u00ba Congresso Nacional da ANAMT ser\u00e1 realizado entre os dias 15 e 18 de maio, em Bras\u00edlia (DF).<\/p>\n","protected":false},"excerpt":{"rendered":"<p>Os M\u00e9dicos do Trabalho, acad\u00eamicos e estudantes interessados em apresentar trabalhos no 17\u00ba Congresso Nacional da ANAMT ter\u00e3o uma motiva\u00e7\u00e3o a mais para aprimorar seus projetos. Especialmente nesta edi\u00e7\u00e3o, a Associa\u00e7\u00e3o premiar\u00e1 os melhores trabalhos cient\u00edficos em tr\u00eas categorias: \u25cf Pr\u00eamio Dr. Bernardo Bedrikow \u2013 Inova\u00e7\u00e3o e pr\u00e1ticas em Sa\u00fade e Seguran\u00e7a no Trabalho \u25cf [&hellip;]<\/p>\n","protected":false},"author":1,"featured_media":33042,"comment_status":"closed","ping_status":"closed","sticky":false,"template":"","format":"standard","meta":{"footnotes":""},"categories":[77],"tags":[],"_links":{"self":[{"href":"https:\/\/www.anamt.org.br\/portal\/wp-json\/wp\/v2\/posts\/35665"}],"collection":[{"href":"https:\/\/www.anamt.org.br\/portal\/wp-json\/wp\/v2\/posts"}],"about":[{"href":"https:\/\/www.anamt.org.br\/portal\/wp-json\/wp\/v2\/types\/post"}],"author":[{"embeddable":true,"href":"https:\/\/www.anamt.org.br\/portal\/wp-json\/wp\/v2\/users\/1"}],"replies":[{"embeddable":true,"href":"https:\/\/www.anamt.org.br\/portal\/wp-json\/wp\/v2\/comments?post=35665"}],"version-history":[{"count":0,"href":"https:\/\/www.anamt.org.br\/portal\/wp-json\/wp\/v2\/posts\/35665\/revisions"}],"wp:featuredmedia":[{"embeddable":true,"href":"https:\/\/www.anamt.org.br\/portal\/wp-json\/wp\/v2\/media\/33042"}],"wp:attachment":[{"href":"https:\/\/www.anamt.org.br\/portal\/wp-json\/wp\/v2\/media?parent=35665"}],"wp:term":[{"taxonomy":"category","embeddable":true,"href":"https:\/\/www.anamt.org.br\/portal\/wp-json\/wp\/v2\/categories?post=35665"},{"taxonomy":"post_tag","embeddable":true,"href":"https:\/\/www.anamt.org.br\/portal\/wp-json\/wp\/v2\/tags?post=35665"}],"curies":[{"name":"wp","href":"https:\/\/api.w.org\/{rel}","templated":true}]}}