{"id":35651,"date":"2018-12-20T15:25:31","date_gmt":"2018-12-20T17:25:31","guid":{"rendered":"https:\/\/www.anamt.org.br\/portal\/?p=35651"},"modified":"2018-12-21T15:32:53","modified_gmt":"2018-12-21T17:32:53","slug":"portarias-alteram-normas-regulamentadoras-no-12-15-22-31-e-36","status":"publish","type":"post","link":"https:\/\/www.anamt.org.br\/portal\/2018\/12\/20\/portarias-alteram-normas-regulamentadoras-no-12-15-22-31-e-36\/","title":{"rendered":"Portarias alteram Normas Regulamentadoras n\u00ba 12, 15, 22, 31 e 36"},"content":{"rendered":"<p>Cinco portarias que trazem altera\u00e7\u00f5es \u00e0s Normas Regulamentadoras n\u00ba 12, 15, 22, 31 e 36 foram publicadas hoje, dia 19 de dezembro, na se\u00e7\u00e3o 1 do Di\u00e1rio Oficial da Uni\u00e3o.<\/p>\n<p>As mudan\u00e7as na NR 12 (Seguran\u00e7a no Trabalho em M\u00e1quinas e Equipamentos) se deram por meio da Portaria n\u00ba 1.083, que trouxe altera\u00e7\u00f5es na reda\u00e7\u00e3o da norma. As mudan\u00e7as est\u00e3o no item 12.37, no item 1 do Anexo II &#8211; Conte\u00fado Program\u00e1tico da Capacita\u00e7\u00e3o e nos subitens 2.4, 2.5, 3.3 e 3.4 do Anexo XII &#8211; Equipamentos de Guindar para Eleva\u00e7\u00e3o de Pessoas e Realiza\u00e7\u00e3o de Trabalho em Altura.<\/p>\n<p>A Portaria n\u00ba 1.084, altera a reda\u00e7\u00e3o do anexo 5 &#8211; Radia\u00e7\u00f5es Ionizantes &#8211; da NR 15 (Atividades e Opera\u00e7\u00f5es Insalubres), passando o novo texto para &#8220;nas atividades ou opera\u00e7\u00f5es onde trabalhadores possam ser expostos a radia\u00e7\u00f5es ionizantes, os limites de toler\u00e2ncia, os princ\u00edpios, as obriga\u00e7\u00f5es e controles b\u00e1sicos para a prote\u00e7\u00e3o do homem e do seu meio ambiente contra poss\u00edveis efeitos indevidos causados pela radia\u00e7\u00e3o ionizante, s\u00e3o os constantes da Norma CNEN-NN3.01: &#8220;Diretrizes B\u00e1sicas de Prote\u00e7\u00e3o Radiol\u00f3gica&#8221;, de mar\u00e7o de 2014, aprovada pela Resolu\u00e7\u00e3o CNEN n.\u00ba 164\/2014, ou daquela que venha a substitu\u00ed-la&#8221;.<\/p>\n<p>J\u00e1, a NR 22 (Seguran\u00e7a e Sa\u00fade Ocupacional na Minera\u00e7\u00e3o) teve a sua reda\u00e7\u00e3o alterada por meio da Portaria n\u00ba 1.085. Os itens em mudan\u00e7a s\u00e3o: 22.26 &#8211; Disposi\u00e7\u00e3o de Est\u00e9ril, Rejeitos e Produtos e 22.32 &#8211; Opera\u00e7\u00f5es de Emerg\u00eancia.<\/p>\n<p>A Portaria n\u00ba 1.086 apresenta modifica\u00e7\u00f5es na NR 31 (Seguran\u00e7a e Sa\u00fade no Trabalho na Agricultura, Silvicultura, Explora\u00e7\u00e3o Florestal e Aquicultura). Entre as mudan\u00e7as est\u00e1 a altera\u00e7\u00e3o do item 31.3.1, que descreve a compet\u00eancia da Secretaria de Inspe\u00e7\u00e3o do Trabalho &#8211; SIT, atrav\u00e9s do Departamento de Seguran\u00e7a e Sa\u00fade no Trabalho &#8211; DSST, para definir, coordenar, orientar e implementar a pol\u00edtica nacional em seguran\u00e7a e sa\u00fade no trabalho rural. Al\u00e9m disto, a portaria tamb\u00e9m inclui o Anexo I &#8211; Gloss\u00e1rio.<\/p>\n<p>E por \u00faltimo, a Portaria n\u00ba 1.087, traz a altera\u00e7\u00e3o do Anexo II &#8211; Requisitos de seguran\u00e7a espec\u00edficos para m\u00e1quinas utilizadas nas ind\u00fastrias de abate e processamento de carnes e derivados destinados ao consumo humano &#8211; da NR 36 (Seguran\u00e7a e Sa\u00fade no Trabalho em Empresas de Abate e Processamento de Carnes e Derivados). A partir desta mudan\u00e7a, houve a inclus\u00e3o do inciso V no item 1 do Anexo II, com a nomenclatura &#8220;V &#8211; M\u00e1quina para corte de carca\u00e7as de animais de m\u00e9dio e grande porte&#8221;.<\/p>\n<p>(Fonte: Revista Prote\u00e7\u00e3o)<\/p>\n","protected":false},"excerpt":{"rendered":"<p>Cinco portarias que trazem altera\u00e7\u00f5es \u00e0s Normas Regulamentadoras n\u00ba 12, 15, 22, 31 e 36 foram publicadas hoje, dia 19 de dezembro, na se\u00e7\u00e3o 1 do Di\u00e1rio Oficial da Uni\u00e3o. As mudan\u00e7as na NR 12 (Seguran\u00e7a no Trabalho em M\u00e1quinas e Equipamentos) se deram por meio da Portaria n\u00ba 1.083, que trouxe altera\u00e7\u00f5es na reda\u00e7\u00e3o [&hellip;]<\/p>\n","protected":false},"author":1,"featured_media":31643,"comment_status":"closed","ping_status":"closed","sticky":false,"template":"","format":"standard","meta":{"footnotes":""},"categories":[79],"tags":[],"_links":{"self":[{"href":"https:\/\/www.anamt.org.br\/portal\/wp-json\/wp\/v2\/posts\/35651"}],"collection":[{"href":"https:\/\/www.anamt.org.br\/portal\/wp-json\/wp\/v2\/posts"}],"about":[{"href":"https:\/\/www.anamt.org.br\/portal\/wp-json\/wp\/v2\/types\/post"}],"author":[{"embeddable":true,"href":"https:\/\/www.anamt.org.br\/portal\/wp-json\/wp\/v2\/users\/1"}],"replies":[{"embeddable":true,"href":"https:\/\/www.anamt.org.br\/portal\/wp-json\/wp\/v2\/comments?post=35651"}],"version-history":[{"count":0,"href":"https:\/\/www.anamt.org.br\/portal\/wp-json\/wp\/v2\/posts\/35651\/revisions"}],"wp:featuredmedia":[{"embeddable":true,"href":"https:\/\/www.anamt.org.br\/portal\/wp-json\/wp\/v2\/media\/31643"}],"wp:attachment":[{"href":"https:\/\/www.anamt.org.br\/portal\/wp-json\/wp\/v2\/media?parent=35651"}],"wp:term":[{"taxonomy":"category","embeddable":true,"href":"https:\/\/www.anamt.org.br\/portal\/wp-json\/wp\/v2\/categories?post=35651"},{"taxonomy":"post_tag","embeddable":true,"href":"https:\/\/www.anamt.org.br\/portal\/wp-json\/wp\/v2\/tags?post=35651"}],"curies":[{"name":"wp","href":"https:\/\/api.w.org\/{rel}","templated":true}]}}