{"id":35603,"date":"2018-12-18T07:58:42","date_gmt":"2018-12-18T09:58:42","guid":{"rendered":"https:\/\/www.anamt.org.br\/portal\/?p=35603"},"modified":"2018-12-17T16:15:19","modified_gmt":"2018-12-17T18:15:19","slug":"17o-congresso-nacional-da-anamt-a-medicina-do-trabalho-em-debate","status":"publish","type":"post","link":"https:\/\/www.anamt.org.br\/portal\/2018\/12\/18\/17o-congresso-nacional-da-anamt-a-medicina-do-trabalho-em-debate\/","title":{"rendered":"17\u00ba Congresso Nacional da ANAMT: a Medicina do Trabalho em debate"},"content":{"rendered":"<p><img decoding=\"async\" class=\"size-full aligncenter\" src=\"https:\/\/www.anamt.org.br\/portal\/wp-content\/uploads\/2018\/11\/vitrine_ANAMT_congresso_nacional.jpg\" width=\"800\" height=\"360\" \/><\/p>\n<p>Qual \u00e9 o amanh\u00e3 que os M\u00e9dicos do Trabalho podem esperar para especialidade? Quais s\u00e3o os principais desafios que devem ser enfrentados hoje, para ampliar o reconhecimento dos profissionais e melhorar a qualidade de vida dos trabalhadores?<\/p>\n<p>Essas s\u00e3o algumas das perguntas que a programa\u00e7\u00e3o cient\u00edfica do 17\u00ba Congresso Nacional da ANAMT busca responder. O evento, que acontece a cada tr\u00eas anos, ser\u00e1 realizado dos dias 15 a 18 de maio de 2019, em Bras\u00edlia, e ter\u00e1 como tema central \u201cValores Essenciais Frente \u00e0s Transforma\u00e7\u00f5es do Trabalho: Hoje e Amanh\u00e3\u201d.<\/p>\n<p>O Congresso possibilitar\u00e1 aos participantes se atualizarem sobre diferentes temas relacionados \u00e0 especialidade, e a troca de experi\u00eancias. \u201c\u00c9 uma oportunidade para o debate t\u00e9cnico-cient\u00edfico de temas atuais, que afetam o exerc\u00edcio da especialidade, enquanto espa\u00e7o de educa\u00e7\u00e3o continuada, e possibilita a troca de experi\u00eancia e forma\u00e7\u00e3o de redes de suporte entre os profissionais da \u00e1rea\u201d, ressalta a especialista.<\/p>\n<p>Algumas das palestras j\u00e1 confirmadas abordar\u00e3o as mudan\u00e7as no perfil do trabalho e no processo sa\u00fade-doen\u00e7a dos trabalhadores, as implica\u00e7\u00f5es da implementa\u00e7\u00e3o do e-social para a especialidade e pr\u00e1ticas bem sucedidas de gest\u00e3o em sa\u00fade e seguran\u00e7a.<\/p>\n<p>Segundo a diretora cient\u00edfica da Associa\u00e7\u00e3o e coordenadora da comiss\u00e3o cient\u00edfica do evento, Dra. Elizabeth Dias, a escolha da capital federal para sediar o evento ocorre em um contexto de mudan\u00e7as das lideran\u00e7as governamentais, com repercuss\u00f5es sobre as politicas p\u00fablicas para a \u00e1rea, que afetam o exerc\u00edcio da especialidade.<br \/>\nO Congresso reunir\u00e1 especialistas nacionais e internacionais. Entre os participantes confirmados, est\u00e3o Dr. William Buchta, Presidente do American College of Occupational and Environmental Medicine (ACOEM); Dra. Lucia Rotenberg, pesquisadora da Funda\u00e7\u00e3o Oswaldo Cruz (Fiocruz) Rio de Janeiro; Dr. Casey Chosewood, pesquisador do National Institute for Occupational Safety and Health (Niosh -USA); e La\u00eds Abramo, diretora de Desenvolvimento Social da Comiss\u00e3o Econ\u00f4mica para a Am\u00e9rica Latina e o Caribe (Cepal) da Organiza\u00e7\u00e3o das Na\u00e7\u00f5es Unidas (ONU) e o Geneticista Dr. Sergio Danilo Pena pesquisador do Projeto Genoma e professor da UFMG .<\/p>\n<p>Na oportunidade, tamb\u00e9m ser\u00e3o apresentadas as realiza\u00e7\u00f5es da gest\u00e3o 2016-2019 da Associa\u00e7\u00e3o e ocorrer\u00e1 a posse da nova Diretoria para o tri\u00eanio 2019-2022.<\/p>\n<p><strong>Hora de estudar impactos e propor alternativas<\/strong><\/p>\n<p>Ainda de acordo com a Dra. Elizabeth Dias, o evento oportuniza o debate sobre as mudan\u00e7as na legisla\u00e7\u00e3o de prote\u00e7\u00e3o social em curso, entre elas, a Reforma Trabalhista e a revis\u00e3o de benef\u00edcios por incapacidade laborativa, concedidos pela Previd\u00eancia Social, que tem repercuss\u00f5es sobre o exerc\u00edcio da Medicina do Trabalho.<\/p>\n<p>\u201c\u00c9 necess\u00e1rio nos preparar para acompanhar os efeitos e desdobramentos das mudan\u00e7as em curso, e buscar construir, coletivamente, alternativas e solu\u00e7\u00f5es. A precariza\u00e7\u00e3o dos v\u00ednculos de trabalho decorrentes da terceiriza\u00e7\u00e3o irrestrita e a reinser\u00e7\u00e3o no mercado de trabalho de trabalhadores que tiveram os benef\u00edcio cessados, sem uma prepara\u00e7\u00e3o pr\u00e9via, constituem desafios que necessitam ser acompanhadas e desenvolvidas estrat\u00e9gias para lidar com essas mudan\u00e7as\u201d, afirma Elizabeth Dias. \u201cOs m\u00e9dicos do trabalho t\u00eam papel importante nesses processos. Como o M\u00e9dico do Trabalho vai receber este trabalhador e encaminha-lo ao novo postos de trabalho? Outra tend\u00eancia no Brasil e no mundo e que tamb\u00e9m ser\u00e1 abordada no Congresso ser\u00e1 o teletrabalho \u2013 ou o home office, cada vez mais frequente em diversas ocupa\u00e7\u00f5es. Muitas vezes, esse trabalhador se torna invis\u00edvel dificultando as a\u00e7\u00f5es de promo\u00e7\u00e3o e prote\u00e7\u00e3o de sua sa\u00fade\u201d.<\/p>\n<p>A coordenadora da comiss\u00e3o cient\u00edfica do Congresso tamb\u00e9m explica que as mudan\u00e7as nos processos produtivos em curso, mediadas pelas novas tecnologias, podem promover a intensifica\u00e7\u00e3o do trabalho e aumentar o desgaste, o sofrimento e o adoecimento dos trabalhadores. E a legisla\u00e7\u00e3o de prote\u00e7\u00e3o vigente n\u00e3o contempla essa realidade.<br \/>\n\u201cA Dra. Lucia Rosenberg, que participar\u00e1 do Congresso, abordar\u00e1 justamente o entrela\u00e7amento entre o uso do tempo de trabalho \u2013 trabalha-se cada vez mais, em qualquer lugar e o tempo todo \u2013 e a sa\u00fade f\u00edsica e mental e a vida social do trabalhador. Esta \u00e9 uma tend\u00eancia global, que precisa ser bem avaliada no Brasil em decorr\u00eancia da configura\u00e7\u00e3o social, marcada por extrema desigualdade entre os grupos mais vulner\u00e1veis\u201d, ressalta.<\/p>\n","protected":false},"excerpt":{"rendered":"<p>Qual \u00e9 o amanh\u00e3 que os M\u00e9dicos do Trabalho podem esperar para especialidade? Quais s\u00e3o os principais desafios que devem ser enfrentados hoje, para ampliar o reconhecimento dos profissionais e melhorar a qualidade de vida dos trabalhadores? Essas s\u00e3o algumas das perguntas que a programa\u00e7\u00e3o cient\u00edfica do 17\u00ba Congresso Nacional da ANAMT busca responder. O [&hellip;]<\/p>\n","protected":false},"author":1,"featured_media":35332,"comment_status":"closed","ping_status":"closed","sticky":false,"template":"","format":"standard","meta":{"footnotes":""},"categories":[77],"tags":[],"_links":{"self":[{"href":"https:\/\/www.anamt.org.br\/portal\/wp-json\/wp\/v2\/posts\/35603"}],"collection":[{"href":"https:\/\/www.anamt.org.br\/portal\/wp-json\/wp\/v2\/posts"}],"about":[{"href":"https:\/\/www.anamt.org.br\/portal\/wp-json\/wp\/v2\/types\/post"}],"author":[{"embeddable":true,"href":"https:\/\/www.anamt.org.br\/portal\/wp-json\/wp\/v2\/users\/1"}],"replies":[{"embeddable":true,"href":"https:\/\/www.anamt.org.br\/portal\/wp-json\/wp\/v2\/comments?post=35603"}],"version-history":[{"count":0,"href":"https:\/\/www.anamt.org.br\/portal\/wp-json\/wp\/v2\/posts\/35603\/revisions"}],"wp:featuredmedia":[{"embeddable":true,"href":"https:\/\/www.anamt.org.br\/portal\/wp-json\/wp\/v2\/media\/35332"}],"wp:attachment":[{"href":"https:\/\/www.anamt.org.br\/portal\/wp-json\/wp\/v2\/media?parent=35603"}],"wp:term":[{"taxonomy":"category","embeddable":true,"href":"https:\/\/www.anamt.org.br\/portal\/wp-json\/wp\/v2\/categories?post=35603"},{"taxonomy":"post_tag","embeddable":true,"href":"https:\/\/www.anamt.org.br\/portal\/wp-json\/wp\/v2\/tags?post=35603"}],"curies":[{"name":"wp","href":"https:\/\/api.w.org\/{rel}","templated":true}]}}