{"id":35549,"date":"2018-12-06T16:05:53","date_gmt":"2018-12-06T18:05:53","guid":{"rendered":"https:\/\/www.anamt.org.br\/portal\/?p=35549"},"modified":"2018-12-07T14:42:58","modified_gmt":"2018-12-07T16:42:58","slug":"animaseg-concede-comenda-de-honra-ao-dr-glauber-santos-paiva","status":"publish","type":"post","link":"https:\/\/www.anamt.org.br\/portal\/2018\/12\/06\/animaseg-concede-comenda-de-honra-ao-dr-glauber-santos-paiva\/","title":{"rendered":"Animaseg concede comenda de honra ao Dr. Glauber Santos Paiva"},"content":{"rendered":"<p><img decoding=\"async\" class=\"alignnone size-full wp-image-35550 aligncenter\" src=\"https:\/\/www.anamt.org.br\/portal\/wp-content\/uploads\/2018\/12\/animaseg-concede-comenda-de-honra-ao-dr-glauber-santos-paiva.jpg\" alt=\"\" width=\"650\" height=\"488\" srcset=\"https:\/\/www.anamt.org.br\/portal\/wp-content\/uploads\/2018\/12\/animaseg-concede-comenda-de-honra-ao-dr-glauber-santos-paiva-200x150.jpg 200w, https:\/\/www.anamt.org.br\/portal\/wp-content\/uploads\/2018\/12\/animaseg-concede-comenda-de-honra-ao-dr-glauber-santos-paiva-300x225.jpg 300w, https:\/\/www.anamt.org.br\/portal\/wp-content\/uploads\/2018\/12\/animaseg-concede-comenda-de-honra-ao-dr-glauber-santos-paiva-400x300.jpg 400w, https:\/\/www.anamt.org.br\/portal\/wp-content\/uploads\/2018\/12\/animaseg-concede-comenda-de-honra-ao-dr-glauber-santos-paiva-600x450.jpg 600w, https:\/\/www.anamt.org.br\/portal\/wp-content\/uploads\/2018\/12\/animaseg-concede-comenda-de-honra-ao-dr-glauber-santos-paiva.jpg 650w\" sizes=\"(max-width: 650px) 100vw, 650px\" \/><\/p>\n<p>Em cerim\u00f4nia realizada no dia 4 de dezembro, em S\u00e3o Paulo, foram escolhidos os profissionais de Seguran\u00e7a e Sa\u00fade no Trabalho homenageados com a Comenda de Honra ao M\u00e9rito de Seguran\u00e7a e Sa\u00fade no Trabalho em 2018. A premia\u00e7\u00e3o \u00e9 concedida pela Associa\u00e7\u00e3o Nacional da Ind\u00fastria de Material de Seguran\u00e7a e Prote\u00e7\u00e3o ao Trabalho (Animaseg) aos profissionais atuantes h\u00e1 mais de 30 anos no setor de seguran\u00e7a e prote\u00e7\u00e3o ao trabalho que ajudaram a salvar milhares de vidas no Brasil nas \u00faltimas d\u00e9cadas.<\/p>\n<p>O vice-presidente da Regi\u00e3o Nordeste da ANAMT, Dr. Glauber Santos Paiva, foi homenageado na categoria M\u00e9dico do Trabalho. Desempenhou tamb\u00e9m os cargos de diretor de \u00c9tica e de Legisla\u00e7\u00e3o e conselheiro fiscal na Associa\u00e7\u00e3o, al\u00e9m de integrar a C\u00e2mara T\u00e9cnica de Medicina do Trabalho no Conselho Regional de Medicina do Estado do Cear\u00e1 (CREMEC) e ter atuado como M\u00e9dico do Trabalho do Sesi entre 2008 e 2014.<\/p>\n<p>Al\u00e9m dele, foram homenageados profissionais nas categorias: Enfermeiro do Trabalho (Maria Carmem Martinez); Empres\u00e1rio do Setor (Marcos Tadeu Esteves Freire Pimentel); Ergonomista do Trabalho (Ricardo da Costa Serrano); Engenheiro de Seguran\u00e7a (Jo\u00e3o Jos\u00e9 Barrico de Souza); Higienista Ocupacional (Luiz Carlos de Miranda Junior); Pesquisador em SST (Cristiane Queiroz Barbeiro Lima); e T\u00e9cnico de Seguran\u00e7a do Trabalho (Valdete Lopes Ferreira).<\/p>\n","protected":false},"excerpt":{"rendered":"<p>Em cerim\u00f4nia realizada no dia 4 de dezembro, em S\u00e3o Paulo, foram escolhidos os profissionais de Seguran\u00e7a e Sa\u00fade no Trabalho homenageados com a Comenda de Honra ao M\u00e9rito de Seguran\u00e7a e Sa\u00fade no Trabalho em 2018. A premia\u00e7\u00e3o \u00e9 concedida pela Associa\u00e7\u00e3o Nacional da Ind\u00fastria de Material de Seguran\u00e7a e Prote\u00e7\u00e3o ao Trabalho (Animaseg) [&hellip;]<\/p>\n","protected":false},"author":1,"featured_media":35551,"comment_status":"closed","ping_status":"closed","sticky":false,"template":"","format":"standard","meta":{"footnotes":""},"categories":[78],"tags":[],"_links":{"self":[{"href":"https:\/\/www.anamt.org.br\/portal\/wp-json\/wp\/v2\/posts\/35549"}],"collection":[{"href":"https:\/\/www.anamt.org.br\/portal\/wp-json\/wp\/v2\/posts"}],"about":[{"href":"https:\/\/www.anamt.org.br\/portal\/wp-json\/wp\/v2\/types\/post"}],"author":[{"embeddable":true,"href":"https:\/\/www.anamt.org.br\/portal\/wp-json\/wp\/v2\/users\/1"}],"replies":[{"embeddable":true,"href":"https:\/\/www.anamt.org.br\/portal\/wp-json\/wp\/v2\/comments?post=35549"}],"version-history":[{"count":0,"href":"https:\/\/www.anamt.org.br\/portal\/wp-json\/wp\/v2\/posts\/35549\/revisions"}],"wp:featuredmedia":[{"embeddable":true,"href":"https:\/\/www.anamt.org.br\/portal\/wp-json\/wp\/v2\/media\/35551"}],"wp:attachment":[{"href":"https:\/\/www.anamt.org.br\/portal\/wp-json\/wp\/v2\/media?parent=35549"}],"wp:term":[{"taxonomy":"category","embeddable":true,"href":"https:\/\/www.anamt.org.br\/portal\/wp-json\/wp\/v2\/categories?post=35549"},{"taxonomy":"post_tag","embeddable":true,"href":"https:\/\/www.anamt.org.br\/portal\/wp-json\/wp\/v2\/tags?post=35549"}],"curies":[{"name":"wp","href":"https:\/\/api.w.org\/{rel}","templated":true}]}}