{"id":35482,"date":"2018-11-22T11:39:34","date_gmt":"2018-11-22T13:39:34","guid":{"rendered":"https:\/\/www.anamt.org.br\/portal\/?p=35482"},"modified":"2018-11-22T11:39:34","modified_gmt":"2018-11-22T13:39:34","slug":"reuniao-cientifica-praticas-de-sucesso-entre-trabalhadores-com-deficiencia-nas-empresas","status":"publish","type":"post","link":"https:\/\/www.anamt.org.br\/portal\/2018\/11\/22\/reuniao-cientifica-praticas-de-sucesso-entre-trabalhadores-com-deficiencia-nas-empresas\/","title":{"rendered":"Reuni\u00e3o Cient\u00edfica: pr\u00e1ticas de sucesso entre trabalhadores com defici\u00eancia nas empresas"},"content":{"rendered":"<p>A Associa\u00e7\u00e3o Nacional de Medicina do Trabalho (ANAMT) realizar\u00e1, no dia 7 de dezembro, uma reuni\u00e3o cient\u00edfica com o tema &#8220;Pr\u00e1ticas de sucesso entre trabalhadores com defici\u00eancia nas empresas&#8221;. O debate ser\u00e1 guiado pela presidente da Associa\u00e7\u00e3o Brasileira de Medicina do Trabalho (ABMT), Dra. Nadja Ferreira, e o vice-presidente da ANAMT, Dr. Paulo Rebelo.<\/p>\n<p>Organizado pela ANAMT com o apoio da ABMT, o evento ocorrer\u00e1 \u00e0s 19h30 no audit\u00f3rio do Windsor Florida Hotel (rua Ferreira Viana, 81, Flamengo, Rio de Janeiro) e ser\u00e1 transmitido pela internet. A inscri\u00e7\u00e3o para participa\u00e7\u00e3o presencial dever\u00e1 ser feita atrav\u00e9s do e-mail <a href=\"mailto:abmt@abmt.org.br\" target=\"_blank\" rel=\"noopener\"><em>abmt@abmt.org.br<\/em><\/a>.<\/p>\n<p>Os residentes de Medicina do Trabalho e acad\u00eamicos de Medicina dos dois \u00faltimos semestres podem participar gratuitamente. Para associados adimplentes da ANAMT, ABMT, Associa\u00e7\u00e3o Brasileira de Medicina Legal e Per\u00edcias M\u00e9dicas (ABMLPM) e Associa\u00e7\u00e3o Brasileira de Medicina F\u00edsica e Reabilita\u00e7\u00e3o (ABMFR) \u00e9 requerida a doa\u00e7\u00e3o de R$ 150,00. J\u00e1 para os m\u00e9dicos n\u00e3o associados ou inadimplentes a taxa \u00e9 de R$ 250,00.<\/p>\n<p>A palestra tamb\u00e9m ser\u00e1 transmitida gratuitamente pela internet nas p\u00e1ginas do Facebook da <a href=\"http:\/\/facebook.com\/anamt.org.br\/\" target=\"_blank\" rel=\"noopener\">ANAMT<\/a> e <a href=\"https:\/\/www.facebook.com\/abmt.org.br\/\" target=\"_blank\" rel=\"noopener\">ABMT<\/a>. N\u00e3o h\u00e1 necessidade de inscri\u00e7\u00e3o pr\u00e9via.<\/p>\n","protected":false},"excerpt":{"rendered":"<p>A Associa\u00e7\u00e3o Nacional de Medicina do Trabalho (ANAMT) realizar\u00e1, no dia 7 de dezembro, uma reuni\u00e3o cient\u00edfica com o tema &#8220;Pr\u00e1ticas de sucesso entre trabalhadores com defici\u00eancia nas empresas&#8221;. O debate ser\u00e1 guiado pela presidente da Associa\u00e7\u00e3o Brasileira de Medicina do Trabalho (ABMT), Dra. Nadja Ferreira, e o vice-presidente da ANAMT, Dr. Paulo Rebelo. Organizado [&hellip;]<\/p>\n","protected":false},"author":1,"featured_media":31574,"comment_status":"closed","ping_status":"closed","sticky":false,"template":"","format":"standard","meta":{"footnotes":""},"categories":[78],"tags":[],"_links":{"self":[{"href":"https:\/\/www.anamt.org.br\/portal\/wp-json\/wp\/v2\/posts\/35482"}],"collection":[{"href":"https:\/\/www.anamt.org.br\/portal\/wp-json\/wp\/v2\/posts"}],"about":[{"href":"https:\/\/www.anamt.org.br\/portal\/wp-json\/wp\/v2\/types\/post"}],"author":[{"embeddable":true,"href":"https:\/\/www.anamt.org.br\/portal\/wp-json\/wp\/v2\/users\/1"}],"replies":[{"embeddable":true,"href":"https:\/\/www.anamt.org.br\/portal\/wp-json\/wp\/v2\/comments?post=35482"}],"version-history":[{"count":0,"href":"https:\/\/www.anamt.org.br\/portal\/wp-json\/wp\/v2\/posts\/35482\/revisions"}],"wp:featuredmedia":[{"embeddable":true,"href":"https:\/\/www.anamt.org.br\/portal\/wp-json\/wp\/v2\/media\/31574"}],"wp:attachment":[{"href":"https:\/\/www.anamt.org.br\/portal\/wp-json\/wp\/v2\/media?parent=35482"}],"wp:term":[{"taxonomy":"category","embeddable":true,"href":"https:\/\/www.anamt.org.br\/portal\/wp-json\/wp\/v2\/categories?post=35482"},{"taxonomy":"post_tag","embeddable":true,"href":"https:\/\/www.anamt.org.br\/portal\/wp-json\/wp\/v2\/tags?post=35482"}],"curies":[{"name":"wp","href":"https:\/\/api.w.org\/{rel}","templated":true}]}}