{"id":35389,"date":"2018-11-13T11:33:45","date_gmt":"2018-11-13T13:33:45","guid":{"rendered":"https:\/\/www.anamt.org.br\/portal\/?p=35389"},"modified":"2018-11-13T11:33:45","modified_gmt":"2018-11-13T13:33:45","slug":"apos-demissao-jornalista-afirma-que-foi-punida-por-ficar-doente","status":"publish","type":"post","link":"https:\/\/www.anamt.org.br\/portal\/2018\/11\/13\/apos-demissao-jornalista-afirma-que-foi-punida-por-ficar-doente\/","title":{"rendered":"Ap\u00f3s demiss\u00e3o, jornalista afirma que foi punida por ficar doente"},"content":{"rendered":"<div class=\"artigo_read_texto\">\n<p><!-- include_videoinarticle(1\/False) --><!-- \/include_videoinarticle --><\/p>\n<p>Assim como boa parte de seus colegas, a apresentadora Izabella Camargo, 37 anos, ficou chocada ao ser demitida na \u00faltima segunda-feira (5) pela diretora de Jornalismo da Globo em S\u00e3o Paulo. Afinal, ela estava retornando de licen\u00e7a m\u00e9dica por ter desenvolvido a s\u00edndrome de burnout, que \u00e9 o ponto m\u00e1ximo do estresse profissional.<\/p>\n<p>&#8220;Estou sendo punida por ter ficado doente, com uma doen\u00e7a funcional, e os laudos provam isso. Foi um susto. Esperava qualquer coisa, menos ser demitida&#8221;, diz Izabella com exclusividade ao <strong>Not\u00edcias da TV<\/strong>.<\/p>\n<p>Resumidamente, a s\u00edndrome de burnout (do ingl\u00eas burn, queima; e out, exterior) \u00e9 o desgaste emocional que danifica aspectos f\u00edsicos e ps\u00edquicos da pessoa, reduzindo a naturalidade e a velocidade com que ela realiza suas tarefas.<\/p>\n<p>Os sintomas s\u00e3o\u00a0fadiga, cansa\u00e7o constante, dist\u00farbios do sono, dores musculares e de cabe\u00e7a, irritabilidade, altera\u00e7\u00f5es de humor e de mem\u00f3ria, dificuldade de concentra\u00e7\u00e3o, falta de apetite, depress\u00e3o e perda de iniciativa. Nos casos mais graves, pode levar ao consumo de \u00e1lcool e drogas e at\u00e9 ao suic\u00eddio.<\/p>\n<p>A jornalista, que prepara um livro sobre o assunto, ouviu m\u00e9dicos e um cronobiologista da USP e chegou \u00e0 conclus\u00e3o de que sua doen\u00e7a est\u00e1 diretamente relacionada ao fato de ter trabalhado de madrugada na maior parte dos seis anos em que esteve na Globo. &#8220;O turno da madrugada vai te dando um d\u00e9ficit celular. Trabalhar em hor\u00e1rio especial descompensa os \u00f3rg\u00e3os&#8221;, conta.<\/p>\n<p>Desde o final de 2014, Izabella apresentava a previs\u00e3o do tempo no Hora 1 e no Bom Dia Brasil. Tamb\u00e9m substitu\u00eda a titular do Hora 1, Monalisa Perrone, e eventualmente, C\u00e9sar Tralli e Carlos Tramontina, nos telejornais locais. &#8220;Em agosto de 2017, meu corpo come\u00e7ou a apresentar problemas&#8221;, lembra. Ela teve depress\u00e3o e crises gastrointestinais e circulat\u00f3rias.<\/p>\n<p>Aconselhada por m\u00e9dicos, Izabella diz que pediu a seus chefes na Globo para que pudesse fazer &#8220;trocas intertemporais&#8221;, ou seja, mudar de turno durante alguns meses, como forma de amenizar os efeitos da s\u00edndrome.<\/p>\n<p>N\u00e3o foi atendida. Pelo contr\u00e1rio, em agosto deste ano passou a apresentar o mapa-tempo em mais um jornal, o Em Ponto, da GloboNews. Ao mesmo tempo, o Hora 1 dobrou sua dura\u00e7\u00e3o, passou a entrar no ar \u00e0s 4h.<\/p>\n<p>Izabella chegava na Globo \u00e0s 3h da madrugada. Fazia quatro entradas no jornal de Monalisa Perrone enquanto se preparava para a GloboNews, na qual ficava at\u00e9 20 minutos no ar falando de metereologia sem parar. Depois, entrava no Bom Dia Brasil.<\/p>\n<p>Foi na fase de pilotos para o novo H1 e para o Em Ponto que o quadro de Izabella piorou. &#8220;Comecei a sentir taquicardia, a ter crises de choro, crises nervosas, sintomas de esgotamento&#8221;, conta. O auge foi em 14 de agosto. Ela teve um apag\u00e3o em pleno ar, enquanto interagia com Jos\u00e9 Roberto Burnier, \u00e2ncora do Em Ponto.<\/p>\n<p>&#8220;Estava falando do tempo nas capitais e n\u00e3o conseguia lembrar de Curitiba. S\u00f3 falava &#8216;no Paran\u00e1, no Paran\u00e1, no Paran\u00e1&#8217;, at\u00e9 que o Burnier falou Curitiba. N\u00e3o lembrava da capital do meu Estado&#8221;, diz a paranaense de Apucarana. No mesmo dia, seu m\u00e9dico a diagnosticou com risco de convuls\u00f5es e a mandou tirar licen\u00e7a para descansar e, assim, tratar da s\u00edndrome de burnout.<\/p>\n<p>N\u00e3o foi o primeiro apag\u00e3o de Izabella. Nos anteriores, ela conseguiu disfar\u00e7ar gra\u00e7as a piadas e brincadeiras dos \u00e2ncoras dos telejornais com os quais trabalhava. Ela diz que o excesso de trabalho a deixava apreensiva.<\/p>\n<p>&#8220;Tinha medo de n\u00e3o conseguir organizar as ideias e interagir com o apresentador porque, enquanto eu devia organizar as ideias [nos intervalos do Hora 1], tinha que preparar outro jornal&#8221;, afirma. &#8220;Percebi que o que estava acontecendo comigo era muito grave. Voc\u00ea n\u00e3o saber quem \u00e9, pra onde vai, isso \u00e9 muito incapacitante.&#8221;<\/p>\n<p>Izabella n\u00e3o se sente no papel de v\u00edtima. Ficou chocada com a demiss\u00e3o, mas, ap\u00f3s algumas horas, passou a entender que, na l\u00f3gica de uma empresa, ela foi como uma pe\u00e7a que deu problema e teve de ser trocada.<\/p>\n<p>Segundo ela, a diretora regional do Jornalismo da Globo, Cristina Piasentini, disse que n\u00e3o poderia correr o risco de devolv\u00ea-la aos telejornais depois dos apag\u00f5es. Izabella pediu para voltar \u00e0 reportagem. &#8220;N\u00e3o tem mais vaga&#8221;, ouviu.<\/p>\n<p>Agora, ela diz que &#8220;est\u00e1 bem, em equil\u00edbrio&#8221; e que espera arrumar um novo emprego em TV e se dedicar ao combate do &#8220;preconceito&#8221; em torno da s\u00edndrome de burnout.<\/p>\n<p>Procurada, a Globo emitiu a seguinte nota:<\/p>\n<p>&#8220;A pr\u00f3pria Izabella Camargo diz, em v\u00eddeo publicado em seu Instagram, que est\u00e1 bem de voz e corpo e que &#8216;est\u00e1 tudo certo&#8217;.\u00a0O motivo pelo qual deixou de trabalhar na TV Globo n\u00e3o guarda nenhuma rela\u00e7\u00e3o com a licen\u00e7a m\u00e9dica que tirou, mas a emissora n\u00e3o trata em p\u00fablico de suas rela\u00e7\u00f5es com funcion\u00e1rios ou ex-funcion\u00e1rios. A Globo \u00e9 reconhecida por todos como uma empresa que zela por seus funcion\u00e1rios, dando todo o apoio poss\u00edvel. Como j\u00e1 dissemos antes, a Globo agradece \u00e0 Izabella pelos anos de conviv\u00eancia, dedica\u00e7\u00e3o e profissionalismo.&#8221;<\/p>\n<p><em>(Fonte: Not\u00edcias da TV)<\/em><\/p>\n<\/div>\n","protected":false},"excerpt":{"rendered":"<p>Assim como boa parte de seus colegas, a apresentadora Izabella Camargo, 37 anos, ficou chocada ao ser demitida na \u00faltima segunda-feira (5) pela diretora de Jornalismo da Globo em S\u00e3o Paulo. Afinal, ela estava retornando de licen\u00e7a m\u00e9dica por ter desenvolvido a s\u00edndrome de burnout, que \u00e9 o ponto m\u00e1ximo do estresse profissional. &#8220;Estou sendo [&hellip;]<\/p>\n","protected":false},"author":1,"featured_media":35104,"comment_status":"closed","ping_status":"closed","sticky":false,"template":"","format":"standard","meta":{"footnotes":""},"categories":[80],"tags":[],"_links":{"self":[{"href":"https:\/\/www.anamt.org.br\/portal\/wp-json\/wp\/v2\/posts\/35389"}],"collection":[{"href":"https:\/\/www.anamt.org.br\/portal\/wp-json\/wp\/v2\/posts"}],"about":[{"href":"https:\/\/www.anamt.org.br\/portal\/wp-json\/wp\/v2\/types\/post"}],"author":[{"embeddable":true,"href":"https:\/\/www.anamt.org.br\/portal\/wp-json\/wp\/v2\/users\/1"}],"replies":[{"embeddable":true,"href":"https:\/\/www.anamt.org.br\/portal\/wp-json\/wp\/v2\/comments?post=35389"}],"version-history":[{"count":0,"href":"https:\/\/www.anamt.org.br\/portal\/wp-json\/wp\/v2\/posts\/35389\/revisions"}],"wp:featuredmedia":[{"embeddable":true,"href":"https:\/\/www.anamt.org.br\/portal\/wp-json\/wp\/v2\/media\/35104"}],"wp:attachment":[{"href":"https:\/\/www.anamt.org.br\/portal\/wp-json\/wp\/v2\/media?parent=35389"}],"wp:term":[{"taxonomy":"category","embeddable":true,"href":"https:\/\/www.anamt.org.br\/portal\/wp-json\/wp\/v2\/categories?post=35389"},{"taxonomy":"post_tag","embeddable":true,"href":"https:\/\/www.anamt.org.br\/portal\/wp-json\/wp\/v2\/tags?post=35389"}],"curies":[{"name":"wp","href":"https:\/\/api.w.org\/{rel}","templated":true}]}}